{"id":107210,"date":"2025-05-06T09:49:45","date_gmt":"2025-05-06T14:49:45","guid":{"rendered":"https:\/\/sertv.gob.pa\/nacionalfm\/?p=107210"},"modified":"2025-05-06T09:49:45","modified_gmt":"2025-05-06T14:49:45","slug":"docentes-voluntarios-garantizan-clases-en-centro-educativo-las-uvas-de-san-carlos","status":"publish","type":"post","link":"https:\/\/sertv.gob.pa\/nacionalfm\/docentes-voluntarios-garantizan-clases-en-centro-educativo-las-uvas-de-san-carlos\/","title":{"rendered":"Docentes voluntarios garantizan clases en Centro Educativo Las Uvas de San Carlos"},"content":{"rendered":"<div class=\"fusion-fullwidth fullwidth-box fusion-builder-row-1 fusion-flex-container nonhundred-percent-fullwidth non-hundred-percent-height-scrolling\" style=\"--awb-border-radius-top-left:0px;--awb-border-radius-top-right:0px;--awb-border-radius-bottom-right:0px;--awb-border-radius-bottom-left:0px;--awb-flex-wrap:wrap;\" ><div class=\"fusion-builder-row fusion-row fusion-flex-align-items-flex-start fusion-flex-content-wrap\" style=\"max-width:1144px;margin-left: calc(-4% \/ 2 );margin-right: calc(-4% \/ 2 );\"><div class=\"fusion-layout-column fusion_builder_column fusion-builder-column-0 fusion_builder_column_1_1 1_1 fusion-flex-column\" style=\"--awb-bg-size:cover;--awb-width-large:100%;--awb-margin-top-large:0px;--awb-spacing-right-large:1.92%;--awb-margin-bottom-large:0px;--awb-spacing-left-large:1.92%;--awb-width-medium:100%;--awb-spacing-right-medium:1.92%;--awb-spacing-left-medium:1.92%;--awb-width-small:100%;--awb-spacing-right-small:1.92%;--awb-spacing-left-small:1.92%;\"><div class=\"fusion-column-wrapper fusion-flex-justify-content-flex-start fusion-content-layout-column\"><div class=\"fusion-text fusion-text-1\"><p><em><strong>El compromiso con la educaci\u00f3n se mantiene firme en el Centro Educativo de Las Uvas de San Carlos, donde este lunes 5 de mayo, cuatro docentes se ofrecieron voluntariamente para atender a estudiantes de cuarto y quinto grado, ante la ausencia temporal de los educadores asignados.<\/strong><\/em><\/p>\n<p><strong>La directora del plantel, Silka Ramos, explic\u00f3 que, la medida fue adoptada para garantizar la continuidad del proceso. \u201cNo se trata de desvincular a ning\u00fan docente. Acogimos esta iniciativa del MEDUCA, para asegurar que nuestros estudiantes no pierdan clases\u201d.<\/strong><\/p>\n<p><em><strong>Entre los docentes voluntarios se encuentra Joel Mart\u00ednez, quien manifest\u00f3 su satisfacci\u00f3n por aportar al aprendizaje de los estudiantes. \u201cEs una oportunidad valiosa para contribuir al proceso de ense\u00f1anza-aprendizaje. Como docente, me preocupo por la formaci\u00f3n integral del estudiante, no solo en lo acad\u00e9mico, sino tambi\u00e9n en lo emocional, social y \u00e9tico\u201d, expres\u00f3.<\/strong><\/em><\/p>\n<p><strong>El centro educativo ubicado en la regi\u00f3n de Panam\u00e1 Oeste atiende a 301 estudiantes desde el nivel preescolar hasta sexto grado en ambas jornadas, todos reciben diariamente el almuerzo escolar que desarrolla el MEDUCA, en aproximadamente mil centros educativos del pa\u00eds, para el beneficio de 104,723 estudiantes en todo el pa\u00eds.<\/strong><\/p>\n<p>Fuente: MEDUCA<\/p>\n<\/div><div class=\"awb-gallery-wrapper awb-gallery-wrapper-1 button-span-no\" style=\"--more-btn-alignment:center;\"><div style=\"margin:-5px;--awb-bordersize:0px;\" class=\"fusion-gallery fusion-gallery-container fusion-grid-3 fusion-columns-total-2 fusion-gallery-layout-grid fusion-gallery-1\"><div style=\"padding:5px;\" class=\"fusion-grid-column fusion-gallery-column fusion-gallery-column-3 hover-type-none\"><div class=\"fusion-gallery-image\"><a href=\"https:\/\/sertv.gob.pa\/nacionalfm\/wp-content\/uploads\/sites\/6\/2025\/05\/DOCENTES-VOLUNTARIOS-2.jpeg\" rel=\"noreferrer\" data-rel=\"iLightbox[gallery_image_1]\" class=\"fusion-lightbox\" target=\"_self\"><img decoding=\"async\" src=\"https:\/\/sertv.gob.pa\/nacionalfm\/wp-content\/uploads\/sites\/6\/2025\/05\/DOCENTES-VOLUNTARIOS-2.jpeg\" width=\"600\" height=\"337\" alt=\"\" title=\"DOCENTES VOLUNTARIOS 2\" aria-label=\"DOCENTES VOLUNTARIOS 2\" class=\"img-responsive wp-image-107212\" srcset=\"https:\/\/sertv.gob.pa\/nacionalfm\/wp-content\/uploads\/sites\/6\/2025\/05\/DOCENTES-VOLUNTARIOS-2-200x112.jpeg 200w, https:\/\/sertv.gob.pa\/nacionalfm\/wp-content\/uploads\/sites\/6\/2025\/05\/DOCENTES-VOLUNTARIOS-2-400x225.jpeg 400w, https:\/\/sertv.gob.pa\/nacionalfm\/wp-content\/uploads\/sites\/6\/2025\/05\/DOCENTES-VOLUNTARIOS-2.jpeg 600w\" sizes=\"(min-width: 2200px) 100vw, (min-width: 784px) 363px, (min-width: 712px) 545px, (min-width: 640px) 712px, \" \/><\/a><\/div><\/div><div style=\"padding:5px;\" class=\"fusion-grid-column fusion-gallery-column fusion-gallery-column-3 hover-type-none\"><div class=\"fusion-gallery-image\"><a href=\"https:\/\/sertv.gob.pa\/nacionalfm\/wp-content\/uploads\/sites\/6\/2025\/05\/DOCENTES-VOLUNTARIOS-3.jpeg\" rel=\"noreferrer\" data-rel=\"iLightbox[gallery_image_1]\" class=\"fusion-lightbox\" target=\"_self\"><img decoding=\"async\" src=\"https:\/\/sertv.gob.pa\/nacionalfm\/wp-content\/uploads\/sites\/6\/2025\/05\/DOCENTES-VOLUNTARIOS-3.jpeg\" width=\"600\" height=\"335\" alt=\"\" title=\"DOCENTES VOLUNTARIOS 3\" aria-label=\"DOCENTES VOLUNTARIOS 3\" class=\"img-responsive wp-image-107213\" srcset=\"https:\/\/sertv.gob.pa\/nacionalfm\/wp-content\/uploads\/sites\/6\/2025\/05\/DOCENTES-VOLUNTARIOS-3-200x112.jpeg 200w, https:\/\/sertv.gob.pa\/nacionalfm\/wp-content\/uploads\/sites\/6\/2025\/05\/DOCENTES-VOLUNTARIOS-3-400x223.jpeg 400w, https:\/\/sertv.gob.pa\/nacionalfm\/wp-content\/uploads\/sites\/6\/2025\/05\/DOCENTES-VOLUNTARIOS-3.jpeg 600w\" sizes=\"(min-width: 2200px) 100vw, (min-width: 784px) 363px, (min-width: 712px) 545px, (min-width: 640px) 712px, \" \/><\/a><\/div><\/div><\/div><\/div><\/div><\/div><\/div><\/div>\n","protected":false},"excerpt":{"rendered":"","protected":false},"author":9,"featured_media":107211,"comment_status":"closed","ping_status":"closed","sticky":false,"template":"","format":"standard","meta":{"footnotes":""},"categories":[2],"tags":[],"class_list":["post-107210","post","type-post","status-publish","format-standard","has-post-thumbnail","hentry","category-nacionales"],"_links":{"self":[{"href":"https:\/\/sertv.gob.pa\/nacionalfm\/wp-json\/wp\/v2\/posts\/107210","targetHints":{"allow":["GET"]}}],"collection":[{"href":"https:\/\/sertv.gob.pa\/nacionalfm\/wp-json\/wp\/v2\/posts"}],"about":[{"href":"https:\/\/sertv.gob.pa\/nacionalfm\/wp-json\/wp\/v2\/types\/post"}],"author":[{"embeddable":true,"href":"https:\/\/sertv.gob.pa\/nacionalfm\/wp-json\/wp\/v2\/users\/9"}],"replies":[{"embeddable":true,"href":"https:\/\/sertv.gob.pa\/nacionalfm\/wp-json\/wp\/v2\/comments?post=107210"}],"version-history":[{"count":1,"href":"https:\/\/sertv.gob.pa\/nacionalfm\/wp-json\/wp\/v2\/posts\/107210\/revisions"}],"predecessor-version":[{"id":107214,"href":"https:\/\/sertv.gob.pa\/nacionalfm\/wp-json\/wp\/v2\/posts\/107210\/revisions\/107214"}],"wp:featuredmedia":[{"embeddable":true,"href":"https:\/\/sertv.gob.pa\/nacionalfm\/wp-json\/wp\/v2\/media\/107211"}],"wp:attachment":[{"href":"https:\/\/sertv.gob.pa\/nacionalfm\/wp-json\/wp\/v2\/media?parent=107210"}],"wp:term":[{"taxonomy":"category","embeddable":true,"href":"https:\/\/sertv.gob.pa\/nacionalfm\/wp-json\/wp\/v2\/categories?post=107210"},{"taxonomy":"post_tag","embeddable":true,"href":"https:\/\/sertv.gob.pa\/nacionalfm\/wp-json\/wp\/v2\/tags?post=107210"}],"curies":[{"name":"wp","href":"https:\/\/api.w.org\/{rel}","templated":true}]}}