{"id":107248,"date":"2025-05-06T14:32:06","date_gmt":"2025-05-06T19:32:06","guid":{"rendered":"https:\/\/sertv.gob.pa\/nacionalfm\/?p=107248"},"modified":"2025-05-06T14:32:06","modified_gmt":"2025-05-06T19:32:06","slug":"hallazgo-de-dinero-sin-declarar-en-el-aeropuerto-internacional-de-tocumen","status":"publish","type":"post","link":"https:\/\/sertv.gob.pa\/nacionalfm\/hallazgo-de-dinero-sin-declarar-en-el-aeropuerto-internacional-de-tocumen\/","title":{"rendered":"Hallazgo de dinero sin declarar en el Aeropuerto Internacional de Tocumen"},"content":{"rendered":"<p><em><strong>Inspectores de Aduanas detectaron este martes un caso de dinero sin declarar en la Terminal A\u00e9rea Internacional de Tocumen.<\/strong><\/em><\/p>\n<p><strong>El pasajero, de nacionalidad salvadore\u00f1a, arrib\u00f3 al pa\u00eds en un vuelo internacional procedente de su naci\u00f3n y fue sometido a una revisi\u00f3n secundaria tras el an\u00e1lisis de perfil realizado por los inspectores de turno, quienes determinaron la necesidad de una verificaci\u00f3n m\u00e1s exhaustiva.<\/strong><\/p>\n<p><strong>Durante el procedimiento, el viajero fue consultado sobre la cantidad de dinero o valores que portaba y si estos superaban los diez mil d\u00f3lares, a lo que respondi\u00f3 que llevaba B\/.8,500.00. Sin embargo, tras el conteo correspondiente, se constat\u00f3 que la suma total ascend\u00eda a B\/.14,857.00, lo que representa una falsa declaraci\u00f3n y un incumplimiento de las normativas aduaneras.<\/strong><\/p>\n<p><strong>El dinero era transportado en la maleta del pasajero entre sus pertenencias. Las autoridades competentes adelantan las investigaciones y reafirman la importancia de cumplir con las regulaciones establecidas para evitar sanciones y garantizar el cumplimiento de la legislaci\u00f3n vigente.<\/strong><\/p>\n<p>Fuente: ANA<\/p>\n","protected":false},"excerpt":{"rendered":"<p>Inspectores de Aduanas detectaron este martes un caso de dinero <a href=\"https:\/\/sertv.gob.pa\/nacionalfm\/hallazgo-de-dinero-sin-declarar-en-el-aeropuerto-internacional-de-tocumen\/\"> [&#8230;]<\/a><\/p>\n","protected":false},"author":9,"featured_media":107249,"comment_status":"closed","ping_status":"closed","sticky":false,"template":"","format":"standard","meta":{"footnotes":""},"categories":[2],"tags":[],"class_list":["post-107248","post","type-post","status-publish","format-standard","has-post-thumbnail","hentry","category-nacionales"],"_links":{"self":[{"href":"https:\/\/sertv.gob.pa\/nacionalfm\/wp-json\/wp\/v2\/posts\/107248","targetHints":{"allow":["GET"]}}],"collection":[{"href":"https:\/\/sertv.gob.pa\/nacionalfm\/wp-json\/wp\/v2\/posts"}],"about":[{"href":"https:\/\/sertv.gob.pa\/nacionalfm\/wp-json\/wp\/v2\/types\/post"}],"author":[{"embeddable":true,"href":"https:\/\/sertv.gob.pa\/nacionalfm\/wp-json\/wp\/v2\/users\/9"}],"replies":[{"embeddable":true,"href":"https:\/\/sertv.gob.pa\/nacionalfm\/wp-json\/wp\/v2\/comments?post=107248"}],"version-history":[{"count":1,"href":"https:\/\/sertv.gob.pa\/nacionalfm\/wp-json\/wp\/v2\/posts\/107248\/revisions"}],"predecessor-version":[{"id":107250,"href":"https:\/\/sertv.gob.pa\/nacionalfm\/wp-json\/wp\/v2\/posts\/107248\/revisions\/107250"}],"wp:featuredmedia":[{"embeddable":true,"href":"https:\/\/sertv.gob.pa\/nacionalfm\/wp-json\/wp\/v2\/media\/107249"}],"wp:attachment":[{"href":"https:\/\/sertv.gob.pa\/nacionalfm\/wp-json\/wp\/v2\/media?parent=107248"}],"wp:term":[{"taxonomy":"category","embeddable":true,"href":"https:\/\/sertv.gob.pa\/nacionalfm\/wp-json\/wp\/v2\/categories?post=107248"},{"taxonomy":"post_tag","embeddable":true,"href":"https:\/\/sertv.gob.pa\/nacionalfm\/wp-json\/wp\/v2\/tags?post=107248"}],"curies":[{"name":"wp","href":"https:\/\/api.w.org\/{rel}","templated":true}]}}