{"id":10756,"date":"2016-02-18T16:10:40","date_gmt":"2016-02-18T16:10:40","guid":{"rendered":""},"modified":"2016-02-18T16:10:40","modified_gmt":"2016-02-18T16:10:40","slug":"vacuna-contra-el-zika-sera-probada-en-humanos","status":"publish","type":"post","link":"https:\/\/sertv.gob.pa\/nacionalfm\/vacuna-contra-el-zika-sera-probada-en-humanos\/","title":{"rendered":"Vacuna contra el zika ser\u00e1 probada en humanos"},"content":{"rendered":"<p>\nInovio Pharmaceuticals, grupo farmac\u00e9utico estadounidense, que desarrolla una vacuna contra el virus del Zika, anunci\u00f3 que comenzar\u00e1 a hacer pruebas en humanos antes de fin de a\u00f1o. \u00a0 <\/p>\n<p>\u00abActualmente estamos fabricando la vacuna contra el zika para probarla en humanos antes de fin de a\u00f1o\u00bb, expres\u00f3 a la AFP el portavoz del grupo, Jeff Richardson. \u00abLas pruebas precl\u00ednicas muestran que la vacuna sint\u00e9tica contra el virus del Zika genera respuestas duraderas e inmunes, lo que demuestra el potencial (&#8230;) para prevenir y tratar las infecciones causadas por este pat\u00f3geno\u00bb, inform\u00f3 Inovio en un comunicado. <\/p>\n<p>El grupo farmac\u00e9utico prob\u00f3 la vacuna en ratones y obtuvo una respuesta inmunol\u00f3gica. Seguir\u00e1n los tests en monos antes de pasar a humanos antes de fin de a\u00f1o.\u00a0 <\/p>\n<p>La \u00faltima etapa ser\u00e1 obtener la autorizaci\u00f3n para colocar la vacuna en el mercado, asegur\u00f3 Inovio, diciendo que pedir\u00e1 a las autoridades sanitarias que hagan un examen acelerado de su caso. La vacuna contra el zika desarrollada por Inovio se define como \u00absint\u00e9tica\u00bb porque no consiste en un virus vivo, sino en un fragmento del ADN del virus que puede ser conservado sin refrigeraci\u00f3n durante varias horas. <\/p>\n<p>\u00a0 <\/p>\n","protected":false},"excerpt":{"rendered":"<p>Inovio Pharmaceuticals, grupo farmac\u00e9utico estadounidense, que desarrolla una vacuna contra <a href=\"https:\/\/sertv.gob.pa\/nacionalfm\/vacuna-contra-el-zika-sera-probada-en-humanos\/\"> [&#8230;]<\/a><\/p>\n","protected":false},"author":1,"featured_media":10757,"comment_status":"closed","ping_status":"closed","sticky":false,"template":"","format":"standard","meta":{"footnotes":""},"categories":[5],"tags":[],"class_list":["post-10756","post","type-post","status-publish","format-standard","has-post-thumbnail","hentry","category-salud"],"_links":{"self":[{"href":"https:\/\/sertv.gob.pa\/nacionalfm\/wp-json\/wp\/v2\/posts\/10756","targetHints":{"allow":["GET"]}}],"collection":[{"href":"https:\/\/sertv.gob.pa\/nacionalfm\/wp-json\/wp\/v2\/posts"}],"about":[{"href":"https:\/\/sertv.gob.pa\/nacionalfm\/wp-json\/wp\/v2\/types\/post"}],"author":[{"embeddable":true,"href":"https:\/\/sertv.gob.pa\/nacionalfm\/wp-json\/wp\/v2\/users\/1"}],"replies":[{"embeddable":true,"href":"https:\/\/sertv.gob.pa\/nacionalfm\/wp-json\/wp\/v2\/comments?post=10756"}],"version-history":[{"count":0,"href":"https:\/\/sertv.gob.pa\/nacionalfm\/wp-json\/wp\/v2\/posts\/10756\/revisions"}],"wp:featuredmedia":[{"embeddable":true,"href":"https:\/\/sertv.gob.pa\/nacionalfm\/wp-json\/wp\/v2\/media\/10757"}],"wp:attachment":[{"href":"https:\/\/sertv.gob.pa\/nacionalfm\/wp-json\/wp\/v2\/media?parent=10756"}],"wp:term":[{"taxonomy":"category","embeddable":true,"href":"https:\/\/sertv.gob.pa\/nacionalfm\/wp-json\/wp\/v2\/categories?post=10756"},{"taxonomy":"post_tag","embeddable":true,"href":"https:\/\/sertv.gob.pa\/nacionalfm\/wp-json\/wp\/v2\/tags?post=10756"}],"curies":[{"name":"wp","href":"https:\/\/api.w.org\/{rel}","templated":true}]}}