{"id":10758,"date":"2016-02-18T16:20:03","date_gmt":"2016-02-18T16:20:03","guid":{"rendered":""},"modified":"2016-02-18T16:20:03","modified_gmt":"2016-02-18T16:20:03","slug":"en-veraguas-clinica-contra-el-cancer-esta-casi-lista","status":"publish","type":"post","link":"https:\/\/sertv.gob.pa\/nacionalfm\/en-veraguas-clinica-contra-el-cancer-esta-casi-lista\/","title":{"rendered":"En Veraguas cl\u00ednica contra el c\u00e1ncer est\u00e1 casi lista"},"content":{"rendered":"<p>\nLuego de \u00a0varios a\u00f1os de trabajo y de muchas actividades de autogesti\u00f3n por fin la Asociaci\u00f3n Nacional Contra el C\u00e1ncer (Ancec) Cap\u00edtulo de Santiago, logr\u00f3 culminar el edificio de cuatro plantas que albergar\u00e1 la Cl\u00ednica Contra el C\u00e1ncer de Veraguas,\u00a0 pero todav\u00eda se hallan a la espera del equipamiento completo para comenzar operaciones. <\/p>\n<p>Dom\u00e9nico Melillo, presidente de Ancec, Cap\u00edtulo de Santiago, dio a conocer que el edificio se encuentra casi en un 100 por ciento, pero solo el primer nivel cuenta con el equipamiento por lo que a\u00fan no se puede abrir al p\u00fablico para brindar atenci\u00f3n. <\/p>\n<p>Melillo inform\u00f3 que para el primer nivel del edificio ya se cuenta con un mam\u00f3grafo y un ultrasonido para realizar mamograf\u00edas con soluciones y tres consultorios equipados para patolog\u00eda cervical, la cl\u00ednica de piel y cuidados paliativos. Esto se ha logrado con donaciones de fundaciones y empresas privadas, mencion\u00f3. <\/p>\n<p>El galeno agreg\u00f3 que todav\u00eda quedan tres niveles que requieren equipamiento y mobiliario para que la Cl\u00ednica Contra el C\u00e1ncer pueda ofrecer todos los servicios que la poblaci\u00f3n merece. Adem\u00e1s se est\u00e1 a la espera de la designaci\u00f3n del recurso humano que trabajar\u00e1 en la cl\u00ednica y que corresponder\u00e1 al Ministerio de Salud. <\/p>\n<p>Est\u00e1 pendiente equipar las oficinas administrativas, salones de conferencia, consultorios, salas de operaciones para cirug\u00edas ambulatorias, endoscop\u00edas g\u00e1stricas e intestinales, salas de psicolog\u00eda, trabajo social e investigaciones. Nuestra intenci\u00f3n es ofrecer el tratamiento de quimioterapia en esta cl\u00ednica, sostuvo Melillo. <\/p>\n<p>\u00a0 <\/p>\n","protected":false},"excerpt":{"rendered":"<p>Luego de \u00a0varios a\u00f1os de trabajo y de muchas actividades <a href=\"https:\/\/sertv.gob.pa\/nacionalfm\/en-veraguas-clinica-contra-el-cancer-esta-casi-lista\/\"> [&#8230;]<\/a><\/p>\n","protected":false},"author":1,"featured_media":10759,"comment_status":"closed","ping_status":"closed","sticky":false,"template":"","format":"standard","meta":{"footnotes":""},"categories":[5],"tags":[],"class_list":["post-10758","post","type-post","status-publish","format-standard","has-post-thumbnail","hentry","category-salud"],"_links":{"self":[{"href":"https:\/\/sertv.gob.pa\/nacionalfm\/wp-json\/wp\/v2\/posts\/10758","targetHints":{"allow":["GET"]}}],"collection":[{"href":"https:\/\/sertv.gob.pa\/nacionalfm\/wp-json\/wp\/v2\/posts"}],"about":[{"href":"https:\/\/sertv.gob.pa\/nacionalfm\/wp-json\/wp\/v2\/types\/post"}],"author":[{"embeddable":true,"href":"https:\/\/sertv.gob.pa\/nacionalfm\/wp-json\/wp\/v2\/users\/1"}],"replies":[{"embeddable":true,"href":"https:\/\/sertv.gob.pa\/nacionalfm\/wp-json\/wp\/v2\/comments?post=10758"}],"version-history":[{"count":0,"href":"https:\/\/sertv.gob.pa\/nacionalfm\/wp-json\/wp\/v2\/posts\/10758\/revisions"}],"wp:featuredmedia":[{"embeddable":true,"href":"https:\/\/sertv.gob.pa\/nacionalfm\/wp-json\/wp\/v2\/media\/10759"}],"wp:attachment":[{"href":"https:\/\/sertv.gob.pa\/nacionalfm\/wp-json\/wp\/v2\/media?parent=10758"}],"wp:term":[{"taxonomy":"category","embeddable":true,"href":"https:\/\/sertv.gob.pa\/nacionalfm\/wp-json\/wp\/v2\/categories?post=10758"},{"taxonomy":"post_tag","embeddable":true,"href":"https:\/\/sertv.gob.pa\/nacionalfm\/wp-json\/wp\/v2\/tags?post=10758"}],"curies":[{"name":"wp","href":"https:\/\/api.w.org\/{rel}","templated":true}]}}