{"id":107707,"date":"2025-05-15T11:04:16","date_gmt":"2025-05-15T16:04:16","guid":{"rendered":"https:\/\/sertv.gob.pa\/nacionalfm\/?p=107707"},"modified":"2025-05-15T11:04:16","modified_gmt":"2025-05-15T16:04:16","slug":"minsa-chiriqui-refuerzan-vigilancia-contra-la-malaria","status":"publish","type":"post","link":"https:\/\/sertv.gob.pa\/nacionalfm\/minsa-chiriqui-refuerzan-vigilancia-contra-la-malaria\/","title":{"rendered":"MINSA Chiriqu\u00ed refuerzan vigilancia contra la malaria"},"content":{"rendered":"<div class=\"fusion-fullwidth fullwidth-box fusion-builder-row-1 fusion-flex-container nonhundred-percent-fullwidth non-hundred-percent-height-scrolling\" style=\"--awb-border-radius-top-left:0px;--awb-border-radius-top-right:0px;--awb-border-radius-bottom-right:0px;--awb-border-radius-bottom-left:0px;--awb-flex-wrap:wrap;\" ><div class=\"fusion-builder-row fusion-row fusion-flex-align-items-flex-start fusion-flex-content-wrap\" style=\"max-width:1144px;margin-left: calc(-4% \/ 2 );margin-right: calc(-4% \/ 2 );\"><div class=\"fusion-layout-column fusion_builder_column fusion-builder-column-0 fusion_builder_column_1_1 1_1 fusion-flex-column\" style=\"--awb-bg-size:cover;--awb-width-large:100%;--awb-margin-top-large:0px;--awb-spacing-right-large:1.92%;--awb-margin-bottom-large:0px;--awb-spacing-left-large:1.92%;--awb-width-medium:100%;--awb-spacing-right-medium:1.92%;--awb-spacing-left-medium:1.92%;--awb-width-small:100%;--awb-spacing-right-small:1.92%;--awb-spacing-left-small:1.92%;\"><div class=\"fusion-column-wrapper fusion-flex-justify-content-flex-start fusion-content-layout-column\"><div class=\"fusion-text fusion-text-1\"><p><em><strong>Ante la progresiva incidencia de la malaria al nivel nacional, el Ministerio de Salud (MINSA),\u00a0 refuerza la vigilancia epidemiol\u00f3gica y la prevenci\u00f3n de esta enfermedad trasmitida por el mosquito anopheles; priorizando las pruebas de laboratorio de los casos sospechosos.<\/strong><\/em><\/p>\n<p><strong>En la provincia de Chiriqu\u00ed, hasta el pasado fin de semana del presente a\u00f1o, se hab\u00edan confirmado 15 casos de malaria, todos correspondientes a personas procedentes de otras regiones del pa\u00eds, donde esta enfermedad es end\u00e9mica.<\/strong><\/p>\n<p><strong><em>Los s\u00edntomas de la malaria, se manifiestan entre 9 y 17 d\u00edas despu\u00e9s de la picadura del insecto y pueden incluir fiebre, escalofr\u00edos, dolores de cabeza, fatiga, n\u00e1useas, v\u00f3mitos, sudoraci\u00f3n excesiva y dolor abdominal<\/em>.<\/strong><\/p>\n<p><em><strong>El MINSA, recomienda a las personas que residen o se desplazan a zonas de riesgo, utilizar mosquiteros tratados con insecticida, aplicar repelente en la piel y la ropa, vestir prendas de manga larga, especialmente durante las horas de mayor actividad del mosquito.<\/strong><\/em><\/p>\n<p><strong>El jefe regional del departamento de Control de Vectores, Patricio Camarena, advirti\u00f3 que, la presencia del mosquito anopheles en toda la geograf\u00eda nacional y el tr\u00e1nsito de personas en \u00e1reas que registran muchos casos, representan una amenaza epidemiol\u00f3gica.<\/strong><\/p>\n<p><strong>Camarena, destac\u00f3 el riesgo de que en Chiriqu\u00ed, se registren casos aut\u00f3ctonos de malaria, como ocurri\u00f3 en el 2023, cuando miembros del Servicio Nacional de Fronteras desde Dari\u00e9n y\/o las comarcas Guna Yala, Ember\u00e1-Wounaan y Ng\u00e4be-Bugl\u00e9, regresaron a sus comunidades contagiados con el virus.<\/strong><\/p>\n<p><em><strong>Hasta la semana pasada, al nivel nacional, se registraron aproximadamente 4,000 casos de malaria, causando la muerte de dos ni\u00f1as, una de 15 a\u00f1os, oriunda de Panam\u00e1 Este y otra de 10 a\u00f1os, de Veraguas.<\/strong><\/em><\/p>\n<p><strong>En 2023, se notificaron 11,659 casos de malaria y en 2024 otros 15,109 casos; incremento relacionado el aumento de la movilidad de personas hacia zonas de transmisi\u00f3n activa; mientras que, la mayor proliferaci\u00f3n del mosquito transmisor es atribuida a factores clim\u00e1ticos.<\/strong><\/p>\n<p>Fuente: MINSA<\/p>\n<\/div><div class=\"awb-gallery-wrapper awb-gallery-wrapper-1 button-span-no\" style=\"--more-btn-alignment:center;\"><div style=\"margin:-5px;--awb-bordersize:0px;\" class=\"fusion-gallery fusion-gallery-container fusion-grid-3 fusion-columns-total-1 fusion-gallery-layout-grid fusion-gallery-1\"><div style=\"padding:5px;\" class=\"fusion-grid-column fusion-gallery-column fusion-gallery-column-3 hover-type-none\"><div class=\"fusion-gallery-image\"><a href=\"https:\/\/sertv.gob.pa\/nacionalfm\/wp-content\/uploads\/sites\/6\/2025\/05\/CHIRIQUI-MALARIA-MINSA-1.jpg\" rel=\"noreferrer\" data-rel=\"iLightbox[gallery_image_1]\" class=\"fusion-lightbox\" target=\"_self\"><img decoding=\"async\" src=\"https:\/\/sertv.gob.pa\/nacionalfm\/wp-content\/uploads\/sites\/6\/2025\/05\/CHIRIQUI-MALARIA-MINSA-1.jpg\" width=\"600\" height=\"450\" alt=\"\" title=\"CHIRIQU\u00cd MALARIA MINSA 1\" aria-label=\"CHIRIQU\u00cd MALARIA MINSA 1\" class=\"img-responsive wp-image-107709\" srcset=\"https:\/\/sertv.gob.pa\/nacionalfm\/wp-content\/uploads\/sites\/6\/2025\/05\/CHIRIQUI-MALARIA-MINSA-1-200x150.jpg 200w, https:\/\/sertv.gob.pa\/nacionalfm\/wp-content\/uploads\/sites\/6\/2025\/05\/CHIRIQUI-MALARIA-MINSA-1-400x300.jpg 400w, https:\/\/sertv.gob.pa\/nacionalfm\/wp-content\/uploads\/sites\/6\/2025\/05\/CHIRIQUI-MALARIA-MINSA-1.jpg 600w\" sizes=\"(min-width: 2200px) 100vw, (min-width: 784px) 363px, (min-width: 712px) 545px, (min-width: 640px) 712px, \" \/><\/a><\/div><\/div><\/div><\/div><\/div><\/div><\/div><\/div>\n","protected":false},"excerpt":{"rendered":"","protected":false},"author":9,"featured_media":107708,"comment_status":"closed","ping_status":"closed","sticky":false,"template":"","format":"standard","meta":{"footnotes":""},"categories":[2],"tags":[],"class_list":["post-107707","post","type-post","status-publish","format-standard","has-post-thumbnail","hentry","category-nacionales"],"_links":{"self":[{"href":"https:\/\/sertv.gob.pa\/nacionalfm\/wp-json\/wp\/v2\/posts\/107707","targetHints":{"allow":["GET"]}}],"collection":[{"href":"https:\/\/sertv.gob.pa\/nacionalfm\/wp-json\/wp\/v2\/posts"}],"about":[{"href":"https:\/\/sertv.gob.pa\/nacionalfm\/wp-json\/wp\/v2\/types\/post"}],"author":[{"embeddable":true,"href":"https:\/\/sertv.gob.pa\/nacionalfm\/wp-json\/wp\/v2\/users\/9"}],"replies":[{"embeddable":true,"href":"https:\/\/sertv.gob.pa\/nacionalfm\/wp-json\/wp\/v2\/comments?post=107707"}],"version-history":[{"count":1,"href":"https:\/\/sertv.gob.pa\/nacionalfm\/wp-json\/wp\/v2\/posts\/107707\/revisions"}],"predecessor-version":[{"id":107710,"href":"https:\/\/sertv.gob.pa\/nacionalfm\/wp-json\/wp\/v2\/posts\/107707\/revisions\/107710"}],"wp:featuredmedia":[{"embeddable":true,"href":"https:\/\/sertv.gob.pa\/nacionalfm\/wp-json\/wp\/v2\/media\/107708"}],"wp:attachment":[{"href":"https:\/\/sertv.gob.pa\/nacionalfm\/wp-json\/wp\/v2\/media?parent=107707"}],"wp:term":[{"taxonomy":"category","embeddable":true,"href":"https:\/\/sertv.gob.pa\/nacionalfm\/wp-json\/wp\/v2\/categories?post=107707"},{"taxonomy":"post_tag","embeddable":true,"href":"https:\/\/sertv.gob.pa\/nacionalfm\/wp-json\/wp\/v2\/tags?post=107707"}],"curies":[{"name":"wp","href":"https:\/\/api.w.org\/{rel}","templated":true}]}}