{"id":10776,"date":"2016-02-19T15:57:07","date_gmt":"2016-02-19T15:57:07","guid":{"rendered":""},"modified":"2016-02-19T15:57:07","modified_gmt":"2016-02-19T15:57:07","slug":"atletas-con-discapacidad-buscan-alcanzar-una-meta-el-volcan-baru","status":"publish","type":"post","link":"https:\/\/sertv.gob.pa\/nacionalfm\/atletas-con-discapacidad-buscan-alcanzar-una-meta-el-volcan-baru\/","title":{"rendered":"Atletas con discapacidad buscan alcanzar una meta: el Volc\u00e1n Bar\u00fa"},"content":{"rendered":"<p>\nSin interesar la discapacidad visual, entre paname\u00f1os y extranjeros, un grupo compuesto por  50 atletas, intentar\u00e1n cumplir con la meta de   escalar hasta la cima del Volc\u00e1n Bar\u00fa, en la provincia de Chiriqu\u00ed, a partir de este s\u00e1bado 20 y domingo 21 de febrero de 2016.  <\/p>\n<p>A esta actividad, la cual ha sido denominada como:  \u00abInternational   Trekking para Personas con Discapacidad Visual\u00bb,   es la tercera edici\u00f3n de este evento que organiza la Asociaci\u00f3n Paname\u00f1a con Discapacidad Visual (APPEDIVI), con el apoyo del Instituto Paname\u00f1o de Habilitaci\u00f3n Especial (IPHE), el Instituto Paname\u00f1o de Deportes (PANDEPORTES) y la Secretar\u00eda Nacional de Discapacidad (SENADIS).  <\/p>\n<p> Una de las novedades de esta competencia es la invitaci\u00f3n de atletas internacionales, provenientes de Argentina, Colombia, M\u00e9xico, Nicaragua, Guatemala, Estados Unidos, aunados a los de Panam\u00e1.  <\/p>\n<p> En lo concerniente a la delegaci\u00f3n paname\u00f1a, la misma estar\u00e1 compuesta por Roger Saavedra, Ana Raquel G\u00e1lvez y atletas de global que participaron en diciembre en los Juegos CODICADER para Atletas con Discapacidad en San Jos\u00e9, Costa Rica.  <\/p>\n<p>Acorde a lo planificado para la realizaci\u00f3n de este acontecimiento, el mi\u00e9rcoles, 17 de febrero de 2016, miembros del Sistema Nacional de Protecci\u00f3n Civil (SINAPROC), arribar\u00edan a Bar\u00fa a fin de marcar el recorrido que cumplir\u00e1n los atletas con discapacidad visual, quienes en la actividad estar\u00e1n acompa\u00f1ados por gu\u00edas, funcionarios del Ministerio de Salud, Servicio Nacional Aeronaval (SENAN), Servicio Nacional de Fronteras (SENAFRONT) y el Instituto Paname\u00f1o de Habilitaci\u00f3n Especial (IPHE). <\/p>\n<p>El evento empezar\u00e1 con la llegada de los atletas paname\u00f1os a concentrarse en la Ciudad Deportiva Irving Saladino, luego se sumar\u00e1n los deportistas extranjeros, que ya han arribado al pa\u00eds. <\/p>\n<p>Para este viernes 19, se espera que desde las 2 de la tarde, todos los atletas, gu\u00edas y estamentos de seguridad, se concentren en el gimnasio Los Naranjos en Boquete, para prepararse para la escalada hacia el Volc\u00e1n Bar\u00fa, el s\u00e1bado 20 desde las 6 de la ma\u00f1ana. <\/p>\n<p>El recorrido iniciar\u00e1 en el Parque Nacional del Volc\u00e1n Bar\u00fa, donde los monta\u00f1istas caminar\u00e1n por espacio de unas 10 horas una distancia de 13.5 kil\u00f3metros por un terreno escabroso, bajas temperaturas cercanas a cero grados y una altura de tres mil 475 metros sobre el nivel del mar. <\/p>\n<p>Los atletas llegar\u00e1n y se concentrar\u00e1n en la cima del volc\u00e1n, para descender el domingo, aproximadamente a las 3 de la tarde, hacia el punto de partida (Boquete). <\/p>\n","protected":false},"excerpt":{"rendered":"<p>Sin interesar la discapacidad visual, entre paname\u00f1os y extranjeros, un <a href=\"https:\/\/sertv.gob.pa\/nacionalfm\/atletas-con-discapacidad-buscan-alcanzar-una-meta-el-volcan-baru\/\"> [&#8230;]<\/a><\/p>\n","protected":false},"author":1,"featured_media":10777,"comment_status":"closed","ping_status":"closed","sticky":false,"template":"","format":"standard","meta":{"footnotes":""},"categories":[4],"tags":[],"class_list":["post-10776","post","type-post","status-publish","format-standard","has-post-thumbnail","hentry","category-deportes"],"_links":{"self":[{"href":"https:\/\/sertv.gob.pa\/nacionalfm\/wp-json\/wp\/v2\/posts\/10776","targetHints":{"allow":["GET"]}}],"collection":[{"href":"https:\/\/sertv.gob.pa\/nacionalfm\/wp-json\/wp\/v2\/posts"}],"about":[{"href":"https:\/\/sertv.gob.pa\/nacionalfm\/wp-json\/wp\/v2\/types\/post"}],"author":[{"embeddable":true,"href":"https:\/\/sertv.gob.pa\/nacionalfm\/wp-json\/wp\/v2\/users\/1"}],"replies":[{"embeddable":true,"href":"https:\/\/sertv.gob.pa\/nacionalfm\/wp-json\/wp\/v2\/comments?post=10776"}],"version-history":[{"count":0,"href":"https:\/\/sertv.gob.pa\/nacionalfm\/wp-json\/wp\/v2\/posts\/10776\/revisions"}],"wp:featuredmedia":[{"embeddable":true,"href":"https:\/\/sertv.gob.pa\/nacionalfm\/wp-json\/wp\/v2\/media\/10777"}],"wp:attachment":[{"href":"https:\/\/sertv.gob.pa\/nacionalfm\/wp-json\/wp\/v2\/media?parent=10776"}],"wp:term":[{"taxonomy":"category","embeddable":true,"href":"https:\/\/sertv.gob.pa\/nacionalfm\/wp-json\/wp\/v2\/categories?post=10776"},{"taxonomy":"post_tag","embeddable":true,"href":"https:\/\/sertv.gob.pa\/nacionalfm\/wp-json\/wp\/v2\/tags?post=10776"}],"curies":[{"name":"wp","href":"https:\/\/api.w.org\/{rel}","templated":true}]}}