{"id":10778,"date":"2016-02-19T16:06:22","date_gmt":"2016-02-19T16:06:22","guid":{"rendered":""},"modified":"2016-02-19T16:06:22","modified_gmt":"2016-02-19T16:06:22","slug":"hoy-se-reunen-en-panama-especialistas-en-neurociencias","status":"publish","type":"post","link":"https:\/\/sertv.gob.pa\/nacionalfm\/hoy-se-reunen-en-panama-especialistas-en-neurociencias\/","title":{"rendered":"Hoy se re\u00fanen en Panam\u00e1 especialistas en neurociencias"},"content":{"rendered":"<p>\nHoy se reunir\u00e1n en Panam\u00e1 una serie de especialistas internacionales en el marco del &lsquo;III Pfizer Neuroscience Summit para Especialistas&#8217;, que tendr\u00e1 lugar en el hotel Riu. Una sesi\u00f3n paralela se realizar\u00e1 en Costa Rica, cuyas presentaciones se podr\u00e1n presenciar v\u00eda video conferencia. <\/p>\n<p>En nuestro pa\u00eds se espera la asistencia de 80 especialistas, entre paname\u00f1os y de Rep\u00fablica Dominicana, Trinidad, Curazao, Barbados, Aruba y Jamaica. <\/p>\n<p>Los temas a tratar ser\u00e1n sobre trastornos comunes en la regi\u00f3n como la enfermedad de Alzheimer, la depresi\u00f3n y la ansiedad y ser\u00e1n impartidos por m\u00e9dicos especialistas de Canad\u00e1, Estados Unidos y M\u00e9xico. <\/p>\n<p>&lsquo;El objetivo de la actividad es llevarle a los m\u00e9dicos especialistas de la regi\u00f3n informaci\u00f3n con evidencia cient\u00edfica de calidad sobre c\u00f3mo se est\u00e1n manejando estos pacientes y qu\u00e9 nuevos descubrimientos se han hecho&#8217;, explica la Dra. Ana Marcela Salazar, Gerente M\u00e9dico para Sistema Nervioso Central de Pfizer Centroam\u00e9rica y Caribe. <\/p>\n<p>\u00a0 <\/p>\n","protected":false},"excerpt":{"rendered":"<p>Hoy se reunir\u00e1n en Panam\u00e1 una serie de especialistas internacionales <a href=\"https:\/\/sertv.gob.pa\/nacionalfm\/hoy-se-reunen-en-panama-especialistas-en-neurociencias\/\"> [&#8230;]<\/a><\/p>\n","protected":false},"author":1,"featured_media":10779,"comment_status":"closed","ping_status":"closed","sticky":false,"template":"","format":"standard","meta":{"footnotes":""},"categories":[5],"tags":[],"class_list":["post-10778","post","type-post","status-publish","format-standard","has-post-thumbnail","hentry","category-salud"],"_links":{"self":[{"href":"https:\/\/sertv.gob.pa\/nacionalfm\/wp-json\/wp\/v2\/posts\/10778","targetHints":{"allow":["GET"]}}],"collection":[{"href":"https:\/\/sertv.gob.pa\/nacionalfm\/wp-json\/wp\/v2\/posts"}],"about":[{"href":"https:\/\/sertv.gob.pa\/nacionalfm\/wp-json\/wp\/v2\/types\/post"}],"author":[{"embeddable":true,"href":"https:\/\/sertv.gob.pa\/nacionalfm\/wp-json\/wp\/v2\/users\/1"}],"replies":[{"embeddable":true,"href":"https:\/\/sertv.gob.pa\/nacionalfm\/wp-json\/wp\/v2\/comments?post=10778"}],"version-history":[{"count":0,"href":"https:\/\/sertv.gob.pa\/nacionalfm\/wp-json\/wp\/v2\/posts\/10778\/revisions"}],"wp:featuredmedia":[{"embeddable":true,"href":"https:\/\/sertv.gob.pa\/nacionalfm\/wp-json\/wp\/v2\/media\/10779"}],"wp:attachment":[{"href":"https:\/\/sertv.gob.pa\/nacionalfm\/wp-json\/wp\/v2\/media?parent=10778"}],"wp:term":[{"taxonomy":"category","embeddable":true,"href":"https:\/\/sertv.gob.pa\/nacionalfm\/wp-json\/wp\/v2\/categories?post=10778"},{"taxonomy":"post_tag","embeddable":true,"href":"https:\/\/sertv.gob.pa\/nacionalfm\/wp-json\/wp\/v2\/tags?post=10778"}],"curies":[{"name":"wp","href":"https:\/\/api.w.org\/{rel}","templated":true}]}}