{"id":10780,"date":"2016-02-19T16:18:34","date_gmt":"2016-02-19T16:18:34","guid":{"rendered":""},"modified":"2016-02-19T16:18:34","modified_gmt":"2016-02-19T16:18:34","slug":"islas-aruba-y-bonaire-en-lista-de-alerta-por-virus-zika","status":"publish","type":"post","link":"https:\/\/sertv.gob.pa\/nacionalfm\/islas-aruba-y-bonaire-en-lista-de-alerta-por-virus-zika\/","title":{"rendered":"Islas Aruba y Bonaire, en lista de alerta por virus zika"},"content":{"rendered":"<p>\n Estados Unidos \u00a0agreg\u00f3 dos islas caribe\u00f1as a la lista de pa\u00edses afectados por  zika \u00a0a los que no recomienda viajar a mujeres embrazadas.\u00a0 <\/p>\n<p>Aruba y Bonaire entraron el jueves en la lista de los  Centros para el Control y Prevenci\u00f3n de Enfermedades  (CDC, por sus siglas en ingl\u00e9s). <\/p>\n<p>El listado incluye cerca de 30 destinos donde se han detectado brotes de zika, principalmente en el Caribe y Latinoam\u00e9rica. <\/p>\n<p> El CDC recomienda \u00a0que las mujeres embarazadas pospongan sus viajes a estos lugares por la presunta relaci\u00f3n entre el virus y una rara malformaci\u00f3n cong\u00e9nita conocida como microcefalia. <\/p>\n<p>Las mujeres que est\u00e9n intentando o tengan pensado quedarse en estado deber\u00edan consultar con su doctor antes de viajar a estas zonas, agreg\u00f3 la agencia. <\/p>\n<p>El virus, que puede causar una enfermedad leve, se transmite principalmente a trav\u00e9s de la picadura del mosquito  Aedes aegypti . <\/p>\n<p>\u00a0 <\/p>\n<p>\u00a0 <\/p>\n","protected":false},"excerpt":{"rendered":"<p>Estados Unidos \u00a0agreg\u00f3 dos islas caribe\u00f1as a la lista de <a href=\"https:\/\/sertv.gob.pa\/nacionalfm\/islas-aruba-y-bonaire-en-lista-de-alerta-por-virus-zika\/\"> [&#8230;]<\/a><\/p>\n","protected":false},"author":1,"featured_media":10781,"comment_status":"closed","ping_status":"closed","sticky":false,"template":"","format":"standard","meta":{"footnotes":""},"categories":[5],"tags":[],"class_list":["post-10780","post","type-post","status-publish","format-standard","has-post-thumbnail","hentry","category-salud"],"_links":{"self":[{"href":"https:\/\/sertv.gob.pa\/nacionalfm\/wp-json\/wp\/v2\/posts\/10780","targetHints":{"allow":["GET"]}}],"collection":[{"href":"https:\/\/sertv.gob.pa\/nacionalfm\/wp-json\/wp\/v2\/posts"}],"about":[{"href":"https:\/\/sertv.gob.pa\/nacionalfm\/wp-json\/wp\/v2\/types\/post"}],"author":[{"embeddable":true,"href":"https:\/\/sertv.gob.pa\/nacionalfm\/wp-json\/wp\/v2\/users\/1"}],"replies":[{"embeddable":true,"href":"https:\/\/sertv.gob.pa\/nacionalfm\/wp-json\/wp\/v2\/comments?post=10780"}],"version-history":[{"count":0,"href":"https:\/\/sertv.gob.pa\/nacionalfm\/wp-json\/wp\/v2\/posts\/10780\/revisions"}],"wp:featuredmedia":[{"embeddable":true,"href":"https:\/\/sertv.gob.pa\/nacionalfm\/wp-json\/wp\/v2\/media\/10781"}],"wp:attachment":[{"href":"https:\/\/sertv.gob.pa\/nacionalfm\/wp-json\/wp\/v2\/media?parent=10780"}],"wp:term":[{"taxonomy":"category","embeddable":true,"href":"https:\/\/sertv.gob.pa\/nacionalfm\/wp-json\/wp\/v2\/categories?post=10780"},{"taxonomy":"post_tag","embeddable":true,"href":"https:\/\/sertv.gob.pa\/nacionalfm\/wp-json\/wp\/v2\/tags?post=10780"}],"curies":[{"name":"wp","href":"https:\/\/api.w.org\/{rel}","templated":true}]}}