{"id":107801,"date":"2025-05-16T12:34:39","date_gmt":"2025-05-16T17:34:39","guid":{"rendered":"https:\/\/sertv.gob.pa\/nacionalfm\/?p=107801"},"modified":"2025-05-16T12:34:39","modified_gmt":"2025-05-16T17:34:39","slug":"gira-de-salud-en-kuna-yala","status":"publish","type":"post","link":"https:\/\/sertv.gob.pa\/nacionalfm\/gira-de-salud-en-kuna-yala\/","title":{"rendered":"Gira de salud en Kuna Yala"},"content":{"rendered":"<p><em><strong>La Gira Itinerante del \u00c1rea Sanitaria de Cart\u00ed,\u00a0 forma parte de la Estrategia de Extensi\u00f3n de Cobertura en la Regi\u00f3n de Kuna Yala, en conmemoraci\u00f3n del D\u00eda Mundial de la Hipertensi\u00f3n.<\/strong><\/em><\/p>\n<p><strong>Se realiz\u00f3 una charla con el objetivo de concientizar a la poblaci\u00f3n de Tubsuit Chico, sobre qu\u00e9 es la hipertensi\u00f3n, por qu\u00e9 es tan peligrosa y qu\u00e9 pueden hacer para prevenirla.<\/strong><\/p>\n<p><strong>Tambi\u00e9n se hizo \u00e9nfasis en la importancia de asistir peri\u00f3dicamente a los controles de salud para la toma de presi\u00f3n, realizar actividades de prevenci\u00f3n como: ingesta adecuada de agua, frutas y vegetales. Adem\u00e1s de incluir actividad f\u00edsica regularmente y priorizar la alimentaci\u00f3n saludable, evitando productos procesados altos en sodio y grasas saturadas.<\/strong><\/p>\n<p>&nbsp;<\/p>\n<p>Fuente: MINSA<\/p>\n","protected":false},"excerpt":{"rendered":"<p>La Gira Itinerante del \u00c1rea Sanitaria de Cart\u00ed,\u00a0 forma parte <a href=\"https:\/\/sertv.gob.pa\/nacionalfm\/gira-de-salud-en-kuna-yala\/\"> [&#8230;]<\/a><\/p>\n","protected":false},"author":9,"featured_media":107802,"comment_status":"closed","ping_status":"closed","sticky":false,"template":"","format":"standard","meta":{"footnotes":""},"categories":[5],"tags":[],"class_list":["post-107801","post","type-post","status-publish","format-standard","has-post-thumbnail","hentry","category-salud"],"_links":{"self":[{"href":"https:\/\/sertv.gob.pa\/nacionalfm\/wp-json\/wp\/v2\/posts\/107801","targetHints":{"allow":["GET"]}}],"collection":[{"href":"https:\/\/sertv.gob.pa\/nacionalfm\/wp-json\/wp\/v2\/posts"}],"about":[{"href":"https:\/\/sertv.gob.pa\/nacionalfm\/wp-json\/wp\/v2\/types\/post"}],"author":[{"embeddable":true,"href":"https:\/\/sertv.gob.pa\/nacionalfm\/wp-json\/wp\/v2\/users\/9"}],"replies":[{"embeddable":true,"href":"https:\/\/sertv.gob.pa\/nacionalfm\/wp-json\/wp\/v2\/comments?post=107801"}],"version-history":[{"count":1,"href":"https:\/\/sertv.gob.pa\/nacionalfm\/wp-json\/wp\/v2\/posts\/107801\/revisions"}],"predecessor-version":[{"id":107803,"href":"https:\/\/sertv.gob.pa\/nacionalfm\/wp-json\/wp\/v2\/posts\/107801\/revisions\/107803"}],"wp:featuredmedia":[{"embeddable":true,"href":"https:\/\/sertv.gob.pa\/nacionalfm\/wp-json\/wp\/v2\/media\/107802"}],"wp:attachment":[{"href":"https:\/\/sertv.gob.pa\/nacionalfm\/wp-json\/wp\/v2\/media?parent=107801"}],"wp:term":[{"taxonomy":"category","embeddable":true,"href":"https:\/\/sertv.gob.pa\/nacionalfm\/wp-json\/wp\/v2\/categories?post=107801"},{"taxonomy":"post_tag","embeddable":true,"href":"https:\/\/sertv.gob.pa\/nacionalfm\/wp-json\/wp\/v2\/tags?post=107801"}],"curies":[{"name":"wp","href":"https:\/\/api.w.org\/{rel}","templated":true}]}}