{"id":10782,"date":"2016-02-19T16:22:13","date_gmt":"2016-02-19T16:22:13","guid":{"rendered":""},"modified":"2016-02-19T16:22:13","modified_gmt":"2016-02-19T16:22:13","slug":"v-juegos-centroamericanos-para-ciegos-recibiran-apoyo-del-iphe","status":"publish","type":"post","link":"https:\/\/sertv.gob.pa\/nacionalfm\/v-juegos-centroamericanos-para-ciegos-recibiran-apoyo-del-iphe\/","title":{"rendered":"\u00abV Juegos Centroamericanos para Ciegos\u00bb, recibir\u00e1n apoyo del IPHE"},"content":{"rendered":"<p>\n Orientados en promover actividades que resalten los valores de las personas con habilidades diferentes la directora general del Instituto Paname\u00f1o de Habilitaci\u00f3n Especial (IPHE), Maruja G. de Villalobos se reuni\u00f3 con los miembros de la Asociaci\u00f3n Nacional de Deportes para Ciegos (ANADEPC), en torno al apoyo de la entidad en la realizaci\u00f3n de los V Juegos Centroamericanos para Ciegos y D\u00e9biles Visuales.  <\/p>\n<p> Este evento deportivo se desarrollar\u00e1 en la ciudad de Panam\u00e1 del 23 al 29 de abril y organizada por ANADEPC, organizaci\u00f3n creada el 13 de mayo 1987, fundamentada en promover el deporte competitivo y recreativo entre la poblaci\u00f3n con discapacidad visual, para su inclusi\u00f3n social.  <\/p>\n<p>Para la agrupaci\u00f3n y su presidente Miguel Atencio el aporte del IPHE es fundamental para la realizaci\u00f3n del evento deportivo, en el aspecto log\u00edstico y organizacional, por lo que la directora general ratific\u00f3 el compromiso de la instituci\u00f3n en impulsar la equiparaci\u00f3n de oportunidades y valoraci\u00f3n de las personas con habilidades especiales. <\/p>\n<p>Cabe resaltar, que por medio de estos juegos se pretende incorporar el mayor n\u00famero de personas ciegas y de baja visi\u00f3n a la actividad deportiva, promoviendo el deporte recreativo y competitivo y as\u00ed originar las relaciones amistosas entre todos los deportistas con discapacidad visual. <\/p>\n<p> Durante esta actividad, los deportistas participar\u00e1n en Atletismo, Ajedrez, Domin\u00f3, Nataci\u00f3n y Goalball, este deporte que con solo dos a\u00f1os de estar siendo practicado en Panam\u00e1, ya los atletas locales han obtenido t\u00edtulos a nivel mayor en los juegos centroamericanos y a nivel juvenil en los juegos CODICADER.  <\/p>\n<p>La reuni\u00f3n cont\u00f3 con la presencia de la subdirectora general, profesora Keida Batista. <\/p>\n<p>\u00a0 <\/p>\n","protected":false},"excerpt":{"rendered":"<p>Orientados en promover actividades que resalten los valores de las <a href=\"https:\/\/sertv.gob.pa\/nacionalfm\/v-juegos-centroamericanos-para-ciegos-recibiran-apoyo-del-iphe\/\"> [&#8230;]<\/a><\/p>\n","protected":false},"author":1,"featured_media":10783,"comment_status":"closed","ping_status":"closed","sticky":false,"template":"","format":"standard","meta":{"footnotes":""},"categories":[4],"tags":[],"class_list":["post-10782","post","type-post","status-publish","format-standard","has-post-thumbnail","hentry","category-deportes"],"_links":{"self":[{"href":"https:\/\/sertv.gob.pa\/nacionalfm\/wp-json\/wp\/v2\/posts\/10782","targetHints":{"allow":["GET"]}}],"collection":[{"href":"https:\/\/sertv.gob.pa\/nacionalfm\/wp-json\/wp\/v2\/posts"}],"about":[{"href":"https:\/\/sertv.gob.pa\/nacionalfm\/wp-json\/wp\/v2\/types\/post"}],"author":[{"embeddable":true,"href":"https:\/\/sertv.gob.pa\/nacionalfm\/wp-json\/wp\/v2\/users\/1"}],"replies":[{"embeddable":true,"href":"https:\/\/sertv.gob.pa\/nacionalfm\/wp-json\/wp\/v2\/comments?post=10782"}],"version-history":[{"count":0,"href":"https:\/\/sertv.gob.pa\/nacionalfm\/wp-json\/wp\/v2\/posts\/10782\/revisions"}],"wp:featuredmedia":[{"embeddable":true,"href":"https:\/\/sertv.gob.pa\/nacionalfm\/wp-json\/wp\/v2\/media\/10783"}],"wp:attachment":[{"href":"https:\/\/sertv.gob.pa\/nacionalfm\/wp-json\/wp\/v2\/media?parent=10782"}],"wp:term":[{"taxonomy":"category","embeddable":true,"href":"https:\/\/sertv.gob.pa\/nacionalfm\/wp-json\/wp\/v2\/categories?post=10782"},{"taxonomy":"post_tag","embeddable":true,"href":"https:\/\/sertv.gob.pa\/nacionalfm\/wp-json\/wp\/v2\/tags?post=10782"}],"curies":[{"name":"wp","href":"https:\/\/api.w.org\/{rel}","templated":true}]}}