{"id":10788,"date":"2016-02-19T18:45:53","date_gmt":"2016-02-19T18:45:53","guid":{"rendered":""},"modified":"2016-02-19T18:45:53","modified_gmt":"2016-02-19T18:45:53","slug":"equipo-atletico-nacional-de-la-pn-gana-primer-lugar-en-mundial-del-barrio","status":"publish","type":"post","link":"https:\/\/sertv.gob.pa\/nacionalfm\/equipo-atletico-nacional-de-la-pn-gana-primer-lugar-en-mundial-del-barrio\/","title":{"rendered":"\u00abAtl\u00e9tico Nacional\u00bb de la PN, gana primer lugar en Mundial del Barrio"},"content":{"rendered":"<p>\n El equipo Atl\u00e9tico Nacional de la Polic\u00eda Nacional ocup\u00f3 el primer lugar   en las categor\u00edas Sub 13 y Sub 7  en la clausura del  &ldquo;Mundial del Barrio&rdquo;,  Copa Cable Onda 20-30, iniciativa del Movimiento Nueva Generaci\u00f3n y que cuenta con el apoyo de la Polic\u00eda Nacional, entre otros patrocinadores. <\/p>\n<p>En lo referente a la categor\u00eda Sub 13, el Atl\u00e9tico Nacional ocup\u00f3 el primer lugar, despu\u00e9s de obtener la victoria sobre los equipos de la Calle 19, Santa Ana y la Calle 17; mientras que en la categor\u00eda Sub 7, el equipo de la Polic\u00eda Nacional\u00a0 consigui\u00f3 imponerse sobre los equipos de las calles 17, 19 y la Pedro Obarrio. <\/p>\n<p>Entretanto, en la categor\u00eda Sub 15, el equipo de la Unidad Preventiva Comunitaria (UPC), conquist\u00f3 el segundo lugar al imponerse sobre los equipos de la Calle 16 de Santa Ana y la Pedro Obarrio, siendo superado por el equipo de Barraza. <\/p>\n<p> Sobre el particular, Elvis Rodr\u00edguez Director Ejecutivo del \u00a0Movimiento Nuevo Generaci\u00f3n, manifest\u00f3 que en este Mundial del Barrio se beneficiaron a m\u00e1s de 9,500 ni\u00f1os con el apoyo de \u00a0los diversos patrocinadores entre los que se encuentra la Polic\u00eda Nacional de Panam\u00e1. \u00a0&ldquo;Se trata de un aporte de gran valor, pues son ni\u00f1os de \u00a0los barrios m\u00e1s humildes de la ciudad capital&rdquo; subray\u00f3.  <\/p>\n<p>Rodr\u00edguez de igual modo agradeci\u00f3 a la Polic\u00eda Nacional por la seguridad ofrecida en todos los eventos que se desarrollaron en diversas localidades as\u00ed como invaluable aporte a trav\u00e9s de charlas de prevenci\u00f3n contra el pandillerismo y consumo de alcohol, tabaco y drogas, \u00a0efectuadas en cada una de las canchas donde se llevaron a cabo estos eventos deportivos a nivel nacional. <\/p>\n<p> Por su parte, la teniente de la Unidad de Polic\u00eda Preventiva Comunitaria\u00a0 Sariabe Rodr\u00edguez, resalt\u00f3 que la Polic\u00eda de Ni\u00f1ez y Adolescencia, por instrucciones de la actual direcci\u00f3n de la Polic\u00eda Nacional a cargo de Omar Pinz\u00f3n dict\u00f3 charlas de prevenci\u00f3n a estos ni\u00f1os para ense\u00f1arles que ellos pueden decirle no a las drogas y evitar estos flagelos.  <\/p>\n","protected":false},"excerpt":{"rendered":"<p>El equipo Atl\u00e9tico Nacional de la Polic\u00eda Nacional ocup\u00f3 el <a href=\"https:\/\/sertv.gob.pa\/nacionalfm\/equipo-atletico-nacional-de-la-pn-gana-primer-lugar-en-mundial-del-barrio\/\"> [&#8230;]<\/a><\/p>\n","protected":false},"author":1,"featured_media":10789,"comment_status":"closed","ping_status":"closed","sticky":false,"template":"","format":"standard","meta":{"footnotes":""},"categories":[4],"tags":[],"class_list":["post-10788","post","type-post","status-publish","format-standard","has-post-thumbnail","hentry","category-deportes"],"_links":{"self":[{"href":"https:\/\/sertv.gob.pa\/nacionalfm\/wp-json\/wp\/v2\/posts\/10788","targetHints":{"allow":["GET"]}}],"collection":[{"href":"https:\/\/sertv.gob.pa\/nacionalfm\/wp-json\/wp\/v2\/posts"}],"about":[{"href":"https:\/\/sertv.gob.pa\/nacionalfm\/wp-json\/wp\/v2\/types\/post"}],"author":[{"embeddable":true,"href":"https:\/\/sertv.gob.pa\/nacionalfm\/wp-json\/wp\/v2\/users\/1"}],"replies":[{"embeddable":true,"href":"https:\/\/sertv.gob.pa\/nacionalfm\/wp-json\/wp\/v2\/comments?post=10788"}],"version-history":[{"count":0,"href":"https:\/\/sertv.gob.pa\/nacionalfm\/wp-json\/wp\/v2\/posts\/10788\/revisions"}],"wp:featuredmedia":[{"embeddable":true,"href":"https:\/\/sertv.gob.pa\/nacionalfm\/wp-json\/wp\/v2\/media\/10789"}],"wp:attachment":[{"href":"https:\/\/sertv.gob.pa\/nacionalfm\/wp-json\/wp\/v2\/media?parent=10788"}],"wp:term":[{"taxonomy":"category","embeddable":true,"href":"https:\/\/sertv.gob.pa\/nacionalfm\/wp-json\/wp\/v2\/categories?post=10788"},{"taxonomy":"post_tag","embeddable":true,"href":"https:\/\/sertv.gob.pa\/nacionalfm\/wp-json\/wp\/v2\/tags?post=10788"}],"curies":[{"name":"wp","href":"https:\/\/api.w.org\/{rel}","templated":true}]}}