{"id":107917,"date":"2025-05-20T09:12:31","date_gmt":"2025-05-20T14:12:31","guid":{"rendered":"https:\/\/sertv.gob.pa\/nacionalfm\/?p=107917"},"modified":"2025-05-20T09:12:31","modified_gmt":"2025-05-20T14:12:31","slug":"panama-avanza-hacia-una-gestion-publica-mas-eficiente","status":"publish","type":"post","link":"https:\/\/sertv.gob.pa\/nacionalfm\/panama-avanza-hacia-una-gestion-publica-mas-eficiente\/","title":{"rendered":"Panam\u00e1 avanza hacia una gesti\u00f3n p\u00fablica m\u00e1s eficiente"},"content":{"rendered":"<p><em><strong>Con el ecosistema fiscal inteligente del MEF<\/strong><\/em><\/p>\n<p><em><strong>Con el objetivo de focalizar de manera m\u00e1s eficiente los recursos del Estado y promover el uso de herramientas tecnol\u00f3gicas, est\u00e1ndares internacionales, metodolog\u00edas avanzadas y estructuras de gobernanza modernas, el Ministerio de Econom\u00eda y Finanzas de Panam\u00e1 (MEF), lleva a cabo una serie de acciones dirigidas a la implementaci\u00f3n de un Ecosistema Fiscal Inteligente.<\/strong><\/em><\/p>\n<p><strong>Este sistema, permitir\u00e1 incrementar la eficiencia y equidad del gasto p\u00fablico mediante el intercambio de informaci\u00f3n digital con altos est\u00e1ndares de seguridad, integridad, confiabilidad y acceso en tiempo real. Adem\u00e1s, se incorporar\u00e1n evaluaciones econ\u00f3micas para fortalecer la toma de decisiones sobre el uso y la asignaci\u00f3n de los recursos estatales.<\/strong><\/p>\n<p><strong>La iniciativa tambi\u00e9n contempla el intercambio seguro y confidencial de datos de alta calidad entre diversas entidades gubernamentales, utilizando algoritmos que faciliten el an\u00e1lisis de grandes bases de datos y respalden decisiones en tiempo real. Entre los componentes clave se incluye el desarrollo de un portal de transparencia del gasto, que contar\u00e1 con modelos robustos de seguridad y privacidad de la informaci\u00f3n.<\/strong><\/p>\n<p><strong>Como parte del proceso de Modernizaci\u00f3n del Estado, el MEF, en su rol de ente rector, contin\u00faa liderando jornadas t\u00e9cnicas de inducci\u00f3n y reuniones con entidades p\u00fablicas, con el fin de orientar en la actualizaci\u00f3n de estructuras organizativas y la mejora de la gesti\u00f3n p\u00fablica.<\/strong><\/p>\n<p><strong>Adicionalmente, se recopila informaci\u00f3n clave como: las Ejecuciones de Ingresos, Gastos, Estructura de Personal y Presupuestos anuales 2024-2025; la Gu\u00eda para el Tesorero Municipal; la Divisi\u00f3n Pol\u00edtica por Provincia, Comarca y Distrito; y el Manual de Clasificaciones Presupuestarias del Ingreso P\u00fablico.<\/strong><\/p>\n<p>&nbsp;<\/p>\n<p>Fuente: MEF<\/p>\n","protected":false},"excerpt":{"rendered":"<p>Con el ecosistema fiscal inteligente del MEF Con el objetivo <a href=\"https:\/\/sertv.gob.pa\/nacionalfm\/panama-avanza-hacia-una-gestion-publica-mas-eficiente\/\"> [&#8230;]<\/a><\/p>\n","protected":false},"author":9,"featured_media":107918,"comment_status":"closed","ping_status":"closed","sticky":false,"template":"","format":"standard","meta":{"footnotes":""},"categories":[2],"tags":[],"class_list":["post-107917","post","type-post","status-publish","format-standard","has-post-thumbnail","hentry","category-nacionales"],"_links":{"self":[{"href":"https:\/\/sertv.gob.pa\/nacionalfm\/wp-json\/wp\/v2\/posts\/107917","targetHints":{"allow":["GET"]}}],"collection":[{"href":"https:\/\/sertv.gob.pa\/nacionalfm\/wp-json\/wp\/v2\/posts"}],"about":[{"href":"https:\/\/sertv.gob.pa\/nacionalfm\/wp-json\/wp\/v2\/types\/post"}],"author":[{"embeddable":true,"href":"https:\/\/sertv.gob.pa\/nacionalfm\/wp-json\/wp\/v2\/users\/9"}],"replies":[{"embeddable":true,"href":"https:\/\/sertv.gob.pa\/nacionalfm\/wp-json\/wp\/v2\/comments?post=107917"}],"version-history":[{"count":1,"href":"https:\/\/sertv.gob.pa\/nacionalfm\/wp-json\/wp\/v2\/posts\/107917\/revisions"}],"predecessor-version":[{"id":107919,"href":"https:\/\/sertv.gob.pa\/nacionalfm\/wp-json\/wp\/v2\/posts\/107917\/revisions\/107919"}],"wp:featuredmedia":[{"embeddable":true,"href":"https:\/\/sertv.gob.pa\/nacionalfm\/wp-json\/wp\/v2\/media\/107918"}],"wp:attachment":[{"href":"https:\/\/sertv.gob.pa\/nacionalfm\/wp-json\/wp\/v2\/media?parent=107917"}],"wp:term":[{"taxonomy":"category","embeddable":true,"href":"https:\/\/sertv.gob.pa\/nacionalfm\/wp-json\/wp\/v2\/categories?post=107917"},{"taxonomy":"post_tag","embeddable":true,"href":"https:\/\/sertv.gob.pa\/nacionalfm\/wp-json\/wp\/v2\/tags?post=107917"}],"curies":[{"name":"wp","href":"https:\/\/api.w.org\/{rel}","templated":true}]}}