{"id":107937,"date":"2025-05-20T10:38:18","date_gmt":"2025-05-20T15:38:18","guid":{"rendered":"https:\/\/sertv.gob.pa\/nacionalfm\/?p=107937"},"modified":"2025-05-20T10:38:18","modified_gmt":"2025-05-20T15:38:18","slug":"avanza-el-proyecto-de-telemedicina-en-la-provincia-de-veraguas","status":"publish","type":"post","link":"https:\/\/sertv.gob.pa\/nacionalfm\/avanza-el-proyecto-de-telemedicina-en-la-provincia-de-veraguas\/","title":{"rendered":"Avanza el proyecto de Telemedicina en la provincia de Veraguas"},"content":{"rendered":"<div class=\"fusion-fullwidth fullwidth-box fusion-builder-row-1 fusion-flex-container nonhundred-percent-fullwidth non-hundred-percent-height-scrolling\" style=\"--awb-border-radius-top-left:0px;--awb-border-radius-top-right:0px;--awb-border-radius-bottom-right:0px;--awb-border-radius-bottom-left:0px;--awb-flex-wrap:wrap;\" ><div class=\"fusion-builder-row fusion-row fusion-flex-align-items-flex-start fusion-flex-content-wrap\" style=\"max-width:1144px;margin-left: calc(-4% \/ 2 );margin-right: calc(-4% \/ 2 );\"><div class=\"fusion-layout-column fusion_builder_column fusion-builder-column-0 fusion_builder_column_1_1 1_1 fusion-flex-column\" style=\"--awb-bg-size:cover;--awb-width-large:100%;--awb-margin-top-large:0px;--awb-spacing-right-large:1.92%;--awb-margin-bottom-large:0px;--awb-spacing-left-large:1.92%;--awb-width-medium:100%;--awb-spacing-right-medium:1.92%;--awb-spacing-left-medium:1.92%;--awb-width-small:100%;--awb-spacing-right-small:1.92%;--awb-spacing-left-small:1.92%;\"><div class=\"fusion-column-wrapper fusion-flex-justify-content-flex-start fusion-content-layout-column\"><div class=\"fusion-text fusion-text-1\"><p><em><strong>Con \u00e9xito avanza el proyecto de Telemedicina del Ministerio de Salud, en la provincia de Veraguas, que busca ofrecer servicios de salud a distancia, brindando diagn\u00f3stico, tratamiento y gesti\u00f3n de enfermedades cr\u00f3nicas utilizando la tecnolog\u00eda para facilitar la comunicaci\u00f3n entre pacientes y profesionales de salud.<\/strong><\/em><\/p>\n<p><strong>Actualmente, este proyecto en la Regi\u00f3n de Salud de Veraguas, se desarrolla con \u00e9xito en los Centros de Salud de Calobre y Las Palmas; se espera implementar pr\u00f3ximamente en el Centro de Salud de Santiago y el MINSA-CAPSI de La Mata.<\/strong><\/p>\n<p><strong>Wanda Ja\u00e9n, coordinadora regional de m\u00e9dicos generales en la provincia de Veraguas, destac\u00f3 que, este proyecto, ha beneficiado a muchas personas, quienes han mantenido sus controles de salud y atenciones por medio de su celular desde la comodidad de su hogar.<\/strong><\/p>\n<p><em><strong>Cabe destacar, que la Telemedicina, jugo un importante papel en la provincia de Veraguas durante la contingencia del mes de noviembre, pues gracias a esta plataforma, no se dej\u00f3 de brindar atenci\u00f3n m\u00e9dica en el Centro de Salud de Las Palmas y los pacientes de esta instalaci\u00f3n de salud, no se vieron desprovistos de atenci\u00f3n m\u00e9dica.<\/strong><\/em><\/p>\n<p>Fuente: MINSA<\/p>\n<\/div><div class=\"awb-gallery-wrapper awb-gallery-wrapper-1 button-span-no\" style=\"--more-btn-alignment:center;\"><div style=\"margin:-5px;--awb-bordersize:0px;\" class=\"fusion-gallery fusion-gallery-container fusion-grid-3 fusion-columns-total-3 fusion-gallery-layout-grid fusion-gallery-1\"><div style=\"padding:5px;\" class=\"fusion-grid-column fusion-gallery-column fusion-gallery-column-3 hover-type-none\"><div class=\"fusion-gallery-image\"><a href=\"https:\/\/sertv.gob.pa\/nacionalfm\/wp-content\/uploads\/sites\/6\/2025\/05\/TELEMEDICINA-EN-VERAGUAS-MINSA.jpg\" rel=\"noreferrer\" data-rel=\"iLightbox[gallery_image_1]\" class=\"fusion-lightbox\" target=\"_self\"><img decoding=\"async\" src=\"https:\/\/sertv.gob.pa\/nacionalfm\/wp-content\/uploads\/sites\/6\/2025\/05\/TELEMEDICINA-EN-VERAGUAS-MINSA.jpg\" width=\"600\" height=\"338\" alt=\"\" title=\"TELEMEDICINA EN VERAGUAS MINSA\" aria-label=\"TELEMEDICINA EN VERAGUAS MINSA\" class=\"img-responsive wp-image-107938\" srcset=\"https:\/\/sertv.gob.pa\/nacionalfm\/wp-content\/uploads\/sites\/6\/2025\/05\/TELEMEDICINA-EN-VERAGUAS-MINSA-200x113.jpg 200w, https:\/\/sertv.gob.pa\/nacionalfm\/wp-content\/uploads\/sites\/6\/2025\/05\/TELEMEDICINA-EN-VERAGUAS-MINSA-400x225.jpg 400w, https:\/\/sertv.gob.pa\/nacionalfm\/wp-content\/uploads\/sites\/6\/2025\/05\/TELEMEDICINA-EN-VERAGUAS-MINSA.jpg 600w\" sizes=\"(min-width: 2200px) 100vw, (min-width: 784px) 363px, (min-width: 712px) 545px, (min-width: 640px) 712px, \" \/><\/a><\/div><\/div><div style=\"padding:5px;\" class=\"fusion-grid-column fusion-gallery-column fusion-gallery-column-3 hover-type-none\"><div class=\"fusion-gallery-image\"><a href=\"https:\/\/sertv.gob.pa\/nacionalfm\/wp-content\/uploads\/sites\/6\/2025\/05\/TELEMEDICINA-EN-VERAGUAS-MINSA-1.jpeg\" rel=\"noreferrer\" data-rel=\"iLightbox[gallery_image_1]\" class=\"fusion-lightbox\" target=\"_self\"><img decoding=\"async\" src=\"https:\/\/sertv.gob.pa\/nacionalfm\/wp-content\/uploads\/sites\/6\/2025\/05\/TELEMEDICINA-EN-VERAGUAS-MINSA-1.jpeg\" width=\"600\" height=\"338\" alt=\"\" title=\"TELEMEDICINA EN VERAGUAS MINSA 1\" aria-label=\"TELEMEDICINA EN VERAGUAS MINSA 1\" class=\"img-responsive wp-image-107939\" srcset=\"https:\/\/sertv.gob.pa\/nacionalfm\/wp-content\/uploads\/sites\/6\/2025\/05\/TELEMEDICINA-EN-VERAGUAS-MINSA-1-200x113.jpeg 200w, https:\/\/sertv.gob.pa\/nacionalfm\/wp-content\/uploads\/sites\/6\/2025\/05\/TELEMEDICINA-EN-VERAGUAS-MINSA-1-400x225.jpeg 400w, https:\/\/sertv.gob.pa\/nacionalfm\/wp-content\/uploads\/sites\/6\/2025\/05\/TELEMEDICINA-EN-VERAGUAS-MINSA-1.jpeg 600w\" sizes=\"(min-width: 2200px) 100vw, (min-width: 784px) 363px, (min-width: 712px) 545px, (min-width: 640px) 712px, \" \/><\/a><\/div><\/div><div style=\"padding:5px;\" class=\"fusion-grid-column fusion-gallery-column fusion-gallery-column-3 hover-type-none\"><div class=\"fusion-gallery-image\"><a href=\"https:\/\/sertv.gob.pa\/nacionalfm\/wp-content\/uploads\/sites\/6\/2025\/05\/TELEMEDICINA-EN-VERAGUAS-MINSA-2.jpeg\" rel=\"noreferrer\" data-rel=\"iLightbox[gallery_image_1]\" class=\"fusion-lightbox\" target=\"_self\"><img decoding=\"async\" src=\"https:\/\/sertv.gob.pa\/nacionalfm\/wp-content\/uploads\/sites\/6\/2025\/05\/TELEMEDICINA-EN-VERAGUAS-MINSA-2.jpeg\" width=\"600\" height=\"338\" alt=\"\" title=\"TELEMEDICINA EN VERAGUAS MINSA 2\" aria-label=\"TELEMEDICINA EN VERAGUAS MINSA 2\" class=\"img-responsive wp-image-107940\" srcset=\"https:\/\/sertv.gob.pa\/nacionalfm\/wp-content\/uploads\/sites\/6\/2025\/05\/TELEMEDICINA-EN-VERAGUAS-MINSA-2-200x113.jpeg 200w, https:\/\/sertv.gob.pa\/nacionalfm\/wp-content\/uploads\/sites\/6\/2025\/05\/TELEMEDICINA-EN-VERAGUAS-MINSA-2-400x225.jpeg 400w, https:\/\/sertv.gob.pa\/nacionalfm\/wp-content\/uploads\/sites\/6\/2025\/05\/TELEMEDICINA-EN-VERAGUAS-MINSA-2.jpeg 600w\" sizes=\"(min-width: 2200px) 100vw, (min-width: 784px) 363px, (min-width: 712px) 545px, (min-width: 640px) 712px, \" \/><\/a><\/div><\/div><div class=\"clearfix\"><\/div><\/div><\/div><\/div><\/div><\/div><\/div>\n","protected":false},"excerpt":{"rendered":"","protected":false},"author":9,"featured_media":107938,"comment_status":"closed","ping_status":"closed","sticky":false,"template":"","format":"standard","meta":{"footnotes":""},"categories":[5],"tags":[],"class_list":["post-107937","post","type-post","status-publish","format-standard","has-post-thumbnail","hentry","category-salud"],"_links":{"self":[{"href":"https:\/\/sertv.gob.pa\/nacionalfm\/wp-json\/wp\/v2\/posts\/107937","targetHints":{"allow":["GET"]}}],"collection":[{"href":"https:\/\/sertv.gob.pa\/nacionalfm\/wp-json\/wp\/v2\/posts"}],"about":[{"href":"https:\/\/sertv.gob.pa\/nacionalfm\/wp-json\/wp\/v2\/types\/post"}],"author":[{"embeddable":true,"href":"https:\/\/sertv.gob.pa\/nacionalfm\/wp-json\/wp\/v2\/users\/9"}],"replies":[{"embeddable":true,"href":"https:\/\/sertv.gob.pa\/nacionalfm\/wp-json\/wp\/v2\/comments?post=107937"}],"version-history":[{"count":1,"href":"https:\/\/sertv.gob.pa\/nacionalfm\/wp-json\/wp\/v2\/posts\/107937\/revisions"}],"predecessor-version":[{"id":107941,"href":"https:\/\/sertv.gob.pa\/nacionalfm\/wp-json\/wp\/v2\/posts\/107937\/revisions\/107941"}],"wp:featuredmedia":[{"embeddable":true,"href":"https:\/\/sertv.gob.pa\/nacionalfm\/wp-json\/wp\/v2\/media\/107938"}],"wp:attachment":[{"href":"https:\/\/sertv.gob.pa\/nacionalfm\/wp-json\/wp\/v2\/media?parent=107937"}],"wp:term":[{"taxonomy":"category","embeddable":true,"href":"https:\/\/sertv.gob.pa\/nacionalfm\/wp-json\/wp\/v2\/categories?post=107937"},{"taxonomy":"post_tag","embeddable":true,"href":"https:\/\/sertv.gob.pa\/nacionalfm\/wp-json\/wp\/v2\/tags?post=107937"}],"curies":[{"name":"wp","href":"https:\/\/api.w.org\/{rel}","templated":true}]}}