{"id":1081,"date":"2014-08-18T05:00:00","date_gmt":"2014-08-18T05:00:00","guid":{"rendered":""},"modified":"2014-08-18T05:00:00","modified_gmt":"2014-08-18T05:00:00","slug":"en-venezuela-reportan-mas-de-200-casos-con-virus-chikungunya","status":"publish","type":"post","link":"https:\/\/sertv.gob.pa\/nacionalfm\/en-venezuela-reportan-mas-de-200-casos-con-virus-chikungunya\/","title":{"rendered":"En Venezuela reportan m\u00e1s de 200 casos con virus chikungunya"},"content":{"rendered":"<p>\nEl ministerio de Salud de Venezuela report\u00f3 que existen m\u00e1s de 200 afectados por el virus chikungunya en la naci\u00f3n suramericana, de los cuales la mayor\u00eda ya son casos de transmisi\u00f3n local y no importados. <\/p>\n<p>Seg\u00fan el ministro de Salud venezolano, Francisco Armada, la propagaci\u00f3n del virus ha tomado un ritmo distinto a lo inicialmente evaluado por las autoridades debido a que se superaron los casos de transmisi\u00f3n a nivel local frente a aquellos que eran importados. \u00abLa mayor concentraci\u00f3n de casos la tenemos en la zona central del pa\u00eds que incluye Miranda, Aragua y Vargas y la enfermedad se refleja con m\u00e1s proporci\u00f3n en los hombres adultos\u00bb, inform\u00f3 Armada. <\/p>\n<p>En entrevista con la estatal Venezolana de Televisi\u00f3n, el titular de salud venezolano asegur\u00f3 que su cartera lleva a cabo una fuerte campa\u00f1a de fumigaci\u00f3n y concientizaci\u00f3n de la poblaci\u00f3n sobre los peligros del virus Chikungunya.. \u00abSigue la expansi\u00f3n en toda Latinoam\u00e9rica, por eso nuestra insistencia en eliminar los criaderos de mosquitos y la fumigaci\u00f3n. No hay nadie que se libere del riesgo\u00bb, precis\u00f3.\u00a0 @nacionalFm <\/p>\n<p>\u00a0 <\/p>\n","protected":false},"excerpt":{"rendered":"<p>El ministerio de Salud de Venezuela report\u00f3 que existen m\u00e1s <a href=\"https:\/\/sertv.gob.pa\/nacionalfm\/en-venezuela-reportan-mas-de-200-casos-con-virus-chikungunya\/\"> [&#8230;]<\/a><\/p>\n","protected":false},"author":1,"featured_media":1082,"comment_status":"closed","ping_status":"closed","sticky":false,"template":"","format":"standard","meta":{"footnotes":""},"categories":[5],"tags":[],"class_list":["post-1081","post","type-post","status-publish","format-standard","has-post-thumbnail","hentry","category-salud"],"_links":{"self":[{"href":"https:\/\/sertv.gob.pa\/nacionalfm\/wp-json\/wp\/v2\/posts\/1081","targetHints":{"allow":["GET"]}}],"collection":[{"href":"https:\/\/sertv.gob.pa\/nacionalfm\/wp-json\/wp\/v2\/posts"}],"about":[{"href":"https:\/\/sertv.gob.pa\/nacionalfm\/wp-json\/wp\/v2\/types\/post"}],"author":[{"embeddable":true,"href":"https:\/\/sertv.gob.pa\/nacionalfm\/wp-json\/wp\/v2\/users\/1"}],"replies":[{"embeddable":true,"href":"https:\/\/sertv.gob.pa\/nacionalfm\/wp-json\/wp\/v2\/comments?post=1081"}],"version-history":[{"count":0,"href":"https:\/\/sertv.gob.pa\/nacionalfm\/wp-json\/wp\/v2\/posts\/1081\/revisions"}],"wp:featuredmedia":[{"embeddable":true,"href":"https:\/\/sertv.gob.pa\/nacionalfm\/wp-json\/wp\/v2\/media\/1082"}],"wp:attachment":[{"href":"https:\/\/sertv.gob.pa\/nacionalfm\/wp-json\/wp\/v2\/media?parent=1081"}],"wp:term":[{"taxonomy":"category","embeddable":true,"href":"https:\/\/sertv.gob.pa\/nacionalfm\/wp-json\/wp\/v2\/categories?post=1081"},{"taxonomy":"post_tag","embeddable":true,"href":"https:\/\/sertv.gob.pa\/nacionalfm\/wp-json\/wp\/v2\/tags?post=1081"}],"curies":[{"name":"wp","href":"https:\/\/api.w.org\/{rel}","templated":true}]}}