{"id":10814,"date":"2016-02-22T16:17:43","date_gmt":"2016-02-22T16:17:43","guid":{"rendered":""},"modified":"2016-02-22T16:17:43","modified_gmt":"2016-02-22T16:17:43","slug":"dos-posibles-casos-de-zika-en-tocumen-son-investigados","status":"publish","type":"post","link":"https:\/\/sertv.gob.pa\/nacionalfm\/dos-posibles-casos-de-zika-en-tocumen-son-investigados\/","title":{"rendered":"Dos posibles casos de zika en Tocumen son investigados"},"content":{"rendered":"<p>\nEl Ministerio de Salud (Minsa) llev\u00f3 a cabo la ma\u00f1ana de este lunes una jornada de fumigaci\u00f3n y limpieza en el corregimiento de Tocumen, donde se confirm\u00f3 un caso de Zika el pasado s\u00e1bado. <\/p>\n<p>El ministro de Salud, Javier Terrientes se\u00f1al\u00f3 que continuar\u00e1n con el operativo como parte del control y prevenci\u00f3n de propagaci\u00f3n del virus, sin embargo el primer anillo de seguridad es en el hogar. <\/p>\n<p>Terrientes dio a conocer que hay dos nuevos posibles casos en Tocumen, pero que est\u00e1n a la espera de los resultados. <\/p>\n<p>De acuerdo con el ministro, se trata de un ni\u00f1o de 9 a\u00f1os y un se\u00f1or de 43 a\u00f1os, ambos viven en la misma casa de la se\u00f1ora de 51 a\u00f1os a quien se le confirm\u00f3 el virus. <\/p>\n<p>Advirti\u00f3 que se han puesto en contacto con autoridades locales, recalcando que ser\u00e1n en\u00e9rgicos con las sanciones a aquellas personas que arrojen basura indebidamente ya que estos son criaderos potenciales, por lo que solicita a la ciudadan\u00eda ser correctos a la hora de la disposici\u00f3n de la basura. <\/p>\n<p>Hasta el momento Panam\u00e1 mantiene 73 casos de zika, 71 en la comarca Guna Yala, dos en la ciudad capital, uno aut\u00f3ctono en Tocumen y uno importado en Paitilla. <\/p>\n<p>\u00a0 <\/p>\n","protected":false},"excerpt":{"rendered":"<p>El Ministerio de Salud (Minsa) llev\u00f3 a cabo la ma\u00f1ana <a href=\"https:\/\/sertv.gob.pa\/nacionalfm\/dos-posibles-casos-de-zika-en-tocumen-son-investigados\/\"> [&#8230;]<\/a><\/p>\n","protected":false},"author":1,"featured_media":10815,"comment_status":"closed","ping_status":"closed","sticky":false,"template":"","format":"standard","meta":{"footnotes":""},"categories":[5],"tags":[],"class_list":["post-10814","post","type-post","status-publish","format-standard","has-post-thumbnail","hentry","category-salud"],"_links":{"self":[{"href":"https:\/\/sertv.gob.pa\/nacionalfm\/wp-json\/wp\/v2\/posts\/10814","targetHints":{"allow":["GET"]}}],"collection":[{"href":"https:\/\/sertv.gob.pa\/nacionalfm\/wp-json\/wp\/v2\/posts"}],"about":[{"href":"https:\/\/sertv.gob.pa\/nacionalfm\/wp-json\/wp\/v2\/types\/post"}],"author":[{"embeddable":true,"href":"https:\/\/sertv.gob.pa\/nacionalfm\/wp-json\/wp\/v2\/users\/1"}],"replies":[{"embeddable":true,"href":"https:\/\/sertv.gob.pa\/nacionalfm\/wp-json\/wp\/v2\/comments?post=10814"}],"version-history":[{"count":0,"href":"https:\/\/sertv.gob.pa\/nacionalfm\/wp-json\/wp\/v2\/posts\/10814\/revisions"}],"wp:featuredmedia":[{"embeddable":true,"href":"https:\/\/sertv.gob.pa\/nacionalfm\/wp-json\/wp\/v2\/media\/10815"}],"wp:attachment":[{"href":"https:\/\/sertv.gob.pa\/nacionalfm\/wp-json\/wp\/v2\/media?parent=10814"}],"wp:term":[{"taxonomy":"category","embeddable":true,"href":"https:\/\/sertv.gob.pa\/nacionalfm\/wp-json\/wp\/v2\/categories?post=10814"},{"taxonomy":"post_tag","embeddable":true,"href":"https:\/\/sertv.gob.pa\/nacionalfm\/wp-json\/wp\/v2\/tags?post=10814"}],"curies":[{"name":"wp","href":"https:\/\/api.w.org\/{rel}","templated":true}]}}