{"id":108162,"date":"2025-05-23T09:13:29","date_gmt":"2025-05-23T14:13:29","guid":{"rendered":"https:\/\/sertv.gob.pa\/nacionalfm\/?p=108162"},"modified":"2025-05-23T09:13:29","modified_gmt":"2025-05-23T14:13:29","slug":"comunicado-36","status":"publish","type":"post","link":"https:\/\/sertv.gob.pa\/nacionalfm\/comunicado-36\/","title":{"rendered":"COMUNICADO"},"content":{"rendered":"<p style=\"text-align: center\"><strong>Aclaraci\u00f3n a la ciudadan\u00eda<\/strong><\/p>\n<p>&nbsp;<\/p>\n<p>El Ministerio de Desarrollo Social (MIDES) aclara a la ciudadan\u00eda que actualmente <strong>no est\u00e1 entregando ning\u00fan bono de alimento mensual por un monto de B\/.50.00.<\/strong><\/p>\n<p>Las \u00fanicas asistencias econ\u00f3micas vigentes son las correspondientes a los <strong>Programas de Transferencias Monetarias Condicionadas<\/strong> (\u00c1ngel Guardi\u00e1n, 120 a los 65, Red de Oportunidades y el Bono Alimenticio Nutricional de SENAPAN), los cuales se rigen por un estricto marco legal que establece requisitos espec\u00edficos de elegibilidad.<\/p>\n<p>En particular, los programas <strong>Red de Oportunidades y Bono Alimenticio Nutricional de SENAPAN<\/strong> est\u00e1n dirigidos a personas en situaci\u00f3n de pobreza o pobreza extrema que residen en \u00e1reas rurales y comarcales, y su acceso est\u00e1 condicionado al cumplimiento de diversas corresponsabilidades.<\/p>\n<p>Exhortamos a la poblaci\u00f3n a <strong>informarse \u00fanicamente a trav\u00e9s de nuestros canales oficiales de comunicaci\u00f3n<\/strong>, como la p\u00e1gina web institucional y nuestras redes sociales.<\/p>\n<p><strong>Panam\u00e1, 22 de mayo de 2025<\/strong><\/p>\n<p>&nbsp;<\/p>\n<p>Fuente: MIDES<\/p>\n","protected":false},"excerpt":{"rendered":"<p>Aclaraci\u00f3n a la ciudadan\u00eda &nbsp; El Ministerio de Desarrollo Social <a href=\"https:\/\/sertv.gob.pa\/nacionalfm\/comunicado-36\/\"> [&#8230;]<\/a><\/p>\n","protected":false},"author":9,"featured_media":108163,"comment_status":"closed","ping_status":"closed","sticky":false,"template":"","format":"standard","meta":{"footnotes":""},"categories":[2],"tags":[],"class_list":["post-108162","post","type-post","status-publish","format-standard","has-post-thumbnail","hentry","category-nacionales"],"_links":{"self":[{"href":"https:\/\/sertv.gob.pa\/nacionalfm\/wp-json\/wp\/v2\/posts\/108162","targetHints":{"allow":["GET"]}}],"collection":[{"href":"https:\/\/sertv.gob.pa\/nacionalfm\/wp-json\/wp\/v2\/posts"}],"about":[{"href":"https:\/\/sertv.gob.pa\/nacionalfm\/wp-json\/wp\/v2\/types\/post"}],"author":[{"embeddable":true,"href":"https:\/\/sertv.gob.pa\/nacionalfm\/wp-json\/wp\/v2\/users\/9"}],"replies":[{"embeddable":true,"href":"https:\/\/sertv.gob.pa\/nacionalfm\/wp-json\/wp\/v2\/comments?post=108162"}],"version-history":[{"count":1,"href":"https:\/\/sertv.gob.pa\/nacionalfm\/wp-json\/wp\/v2\/posts\/108162\/revisions"}],"predecessor-version":[{"id":108164,"href":"https:\/\/sertv.gob.pa\/nacionalfm\/wp-json\/wp\/v2\/posts\/108162\/revisions\/108164"}],"wp:featuredmedia":[{"embeddable":true,"href":"https:\/\/sertv.gob.pa\/nacionalfm\/wp-json\/wp\/v2\/media\/108163"}],"wp:attachment":[{"href":"https:\/\/sertv.gob.pa\/nacionalfm\/wp-json\/wp\/v2\/media?parent=108162"}],"wp:term":[{"taxonomy":"category","embeddable":true,"href":"https:\/\/sertv.gob.pa\/nacionalfm\/wp-json\/wp\/v2\/categories?post=108162"},{"taxonomy":"post_tag","embeddable":true,"href":"https:\/\/sertv.gob.pa\/nacionalfm\/wp-json\/wp\/v2\/tags?post=108162"}],"curies":[{"name":"wp","href":"https:\/\/api.w.org\/{rel}","templated":true}]}}