{"id":10818,"date":"2016-02-22T17:25:06","date_gmt":"2016-02-22T17:25:06","guid":{"rendered":""},"modified":"2016-02-22T17:25:06","modified_gmt":"2016-02-22T17:25:06","slug":"inicia-el-torneo-intercorregimientos-en-panama","status":"publish","type":"post","link":"https:\/\/sertv.gob.pa\/nacionalfm\/inicia-el-torneo-intercorregimientos-en-panama\/","title":{"rendered":"Inicia el \u201cTorneo Intercorregimientos\u201d, en Panam\u00e1"},"content":{"rendered":"<p>\nLa Alcald\u00eda de Panam\u00e1 inaugur\u00f3  el Torneo Intercorregimientos , el s\u00e1bado 20 de febrero, el cual da paso a las actividades deportivas preparadas para este a\u00f1o 2016. <\/p>\n<p> En el torneo participan los 23 corregimientos jugando de manera simult\u00e1nea fulbito, f\u00fatbol, baloncesto y voleibol en categor\u00edas de sub-10 y sub-16, masculino y femenino.  <\/p>\n<p>El acto inaugural tuvo como sede el \u00e1rea de Chivo Chivo y cont\u00f3 con equipos de fulbito de Chilibre, Las Cumbres, Ernesto C\u00f3rdoba Campos y Alcalde D\u00edaz. <\/p>\n<p>Paralelo a esto, en el circuito 8-10, se dio inicio a los juegos de voleibol con la participaci\u00f3n de San Mart\u00edn, Pedregal, Pacora, Ma\u00f1anitas, Tocumen y 24 de diciembre. Mientras que, San Francisco, Juan D\u00edaz, Parque Lefevre y R\u00edo Abajo disputar\u00e1n la liga de baloncesto, en categor\u00edas sub-13 y sub-17. <\/p>\n<p>Por otra parte, Santa Ana, Curund\u00fa, San Felipe, Bella Vista, Anc\u00f3n, Pueblo Nuevo, Calidonia y Betania jugar\u00e1n f\u00fatbol en categor\u00edas sub-9, 13 y 15, masculino y femenino. <\/p>\n<p>Cabe resaltar, que los equipos que salgan campeones, representar\u00e1n a su corregimiento en los Juegos Deportivos y Culturales (Decumupa 2016), organizados por la Alcald\u00eda de Panam\u00e1. <\/p>\n<p>Esta actividad cont\u00f3 con la participaci\u00f3n de las autoridades locales, adem\u00e1s de las palabras inaugurales del alcalde capitalino, Jos\u00e9 Bland\u00f3n Figueroa, quien destac\u00f3 la prioridad de la alcald\u00eda en temas deportivos, adem\u00e1s de exhortar a los ni\u00f1os y j\u00f3venes presentes a mantenerse enfocados en actividades sanas. <\/p>\n<p>A su vez, el alcalde Bland\u00f3n comunic\u00f3 a los presentes que para este a\u00f1o, se prev\u00e9 la construcci\u00f3n del Parque Municipal del Norte, un parque con dimensiones parecidas al Parque Omar y que contar\u00e1 con instalaciones deportivas, culturales y art\u00edsticas en el corregimiento de Chilibre, impactando positivamente a los moradores de la zona. <\/p>\n<p>Hay que subrayar, que la Alcald\u00eda desde la subdirecci\u00f3n de Deportes y Recreaci\u00f3n busca crear espacios para que ni\u00f1os y j\u00f3venes tengan la oportunidad de participar y demostrar sus habilidades en todos los deportes, al igual que alejarlos de actividades negativas que pongan en peligro su salud, integridad y falta de valores. <\/p>\n","protected":false},"excerpt":{"rendered":"<p>La Alcald\u00eda de Panam\u00e1 inaugur\u00f3 el Torneo Intercorregimientos , el <a href=\"https:\/\/sertv.gob.pa\/nacionalfm\/inicia-el-torneo-intercorregimientos-en-panama\/\"> [&#8230;]<\/a><\/p>\n","protected":false},"author":1,"featured_media":10819,"comment_status":"closed","ping_status":"closed","sticky":false,"template":"","format":"standard","meta":{"footnotes":""},"categories":[4],"tags":[],"class_list":["post-10818","post","type-post","status-publish","format-standard","has-post-thumbnail","hentry","category-deportes"],"_links":{"self":[{"href":"https:\/\/sertv.gob.pa\/nacionalfm\/wp-json\/wp\/v2\/posts\/10818","targetHints":{"allow":["GET"]}}],"collection":[{"href":"https:\/\/sertv.gob.pa\/nacionalfm\/wp-json\/wp\/v2\/posts"}],"about":[{"href":"https:\/\/sertv.gob.pa\/nacionalfm\/wp-json\/wp\/v2\/types\/post"}],"author":[{"embeddable":true,"href":"https:\/\/sertv.gob.pa\/nacionalfm\/wp-json\/wp\/v2\/users\/1"}],"replies":[{"embeddable":true,"href":"https:\/\/sertv.gob.pa\/nacionalfm\/wp-json\/wp\/v2\/comments?post=10818"}],"version-history":[{"count":0,"href":"https:\/\/sertv.gob.pa\/nacionalfm\/wp-json\/wp\/v2\/posts\/10818\/revisions"}],"wp:featuredmedia":[{"embeddable":true,"href":"https:\/\/sertv.gob.pa\/nacionalfm\/wp-json\/wp\/v2\/media\/10819"}],"wp:attachment":[{"href":"https:\/\/sertv.gob.pa\/nacionalfm\/wp-json\/wp\/v2\/media?parent=10818"}],"wp:term":[{"taxonomy":"category","embeddable":true,"href":"https:\/\/sertv.gob.pa\/nacionalfm\/wp-json\/wp\/v2\/categories?post=10818"},{"taxonomy":"post_tag","embeddable":true,"href":"https:\/\/sertv.gob.pa\/nacionalfm\/wp-json\/wp\/v2\/tags?post=10818"}],"curies":[{"name":"wp","href":"https:\/\/api.w.org\/{rel}","templated":true}]}}