{"id":10820,"date":"2016-02-22T18:19:59","date_gmt":"2016-02-22T18:19:59","guid":{"rendered":""},"modified":"2016-02-22T18:19:59","modified_gmt":"2016-02-22T18:19:59","slug":"se-registran-en-los-ultimos-10-anos-de-3-a-7-suicidios-al-mes","status":"publish","type":"post","link":"https:\/\/sertv.gob.pa\/nacionalfm\/se-registran-en-los-ultimos-10-anos-de-3-a-7-suicidios-al-mes\/","title":{"rendered":"Se registran, en los \u00faltimos 10 a\u00f1os, de 3 a 7 suicidios al mes"},"content":{"rendered":"<p>\nEl promedio mensual de suicidios de los \u00faltimos 10 a\u00f1os est\u00e1 entre los tres y los sietes casos, revel\u00f3 el an\u00e1lisis realizado por el Observatorio de Seguridad Ciudadana de la C\u00e1mara de Comercio, publicado en El Observador. <\/p>\n<p>Al evaluar el comportamiento de los casos de suicidios y su relaci\u00f3n con los meses del a\u00f1o, los especialistas no hallaron una predisposici\u00f3n estacional a la ejecuci\u00f3n del acto. <\/p>\n<p>&lsquo;Es decir, los meses del a\u00f1o no determinan que las personas cometan un suicidio&#8217;, indican los especialistas. <\/p>\n<p>Lo que si destaca el informe es el incremento considerable que se registr\u00f3 en las cifras preliminares de agosto del 2015 con respecto a los meses que le anteceden. <\/p>\n<p>A pesar de ello &mdash;a\u00f1ade el informe&mdash; no se reflejan variaciones significativas en los promedios mensuales entre los a\u00f1os 2010 al 2015. <\/p>\n<p>\u00a0 <\/p>\n","protected":false},"excerpt":{"rendered":"<p>El promedio mensual de suicidios de los \u00faltimos 10 a\u00f1os <a href=\"https:\/\/sertv.gob.pa\/nacionalfm\/se-registran-en-los-ultimos-10-anos-de-3-a-7-suicidios-al-mes\/\"> [&#8230;]<\/a><\/p>\n","protected":false},"author":1,"featured_media":10821,"comment_status":"closed","ping_status":"closed","sticky":false,"template":"","format":"standard","meta":{"footnotes":""},"categories":[5],"tags":[],"class_list":["post-10820","post","type-post","status-publish","format-standard","has-post-thumbnail","hentry","category-salud"],"_links":{"self":[{"href":"https:\/\/sertv.gob.pa\/nacionalfm\/wp-json\/wp\/v2\/posts\/10820","targetHints":{"allow":["GET"]}}],"collection":[{"href":"https:\/\/sertv.gob.pa\/nacionalfm\/wp-json\/wp\/v2\/posts"}],"about":[{"href":"https:\/\/sertv.gob.pa\/nacionalfm\/wp-json\/wp\/v2\/types\/post"}],"author":[{"embeddable":true,"href":"https:\/\/sertv.gob.pa\/nacionalfm\/wp-json\/wp\/v2\/users\/1"}],"replies":[{"embeddable":true,"href":"https:\/\/sertv.gob.pa\/nacionalfm\/wp-json\/wp\/v2\/comments?post=10820"}],"version-history":[{"count":0,"href":"https:\/\/sertv.gob.pa\/nacionalfm\/wp-json\/wp\/v2\/posts\/10820\/revisions"}],"wp:featuredmedia":[{"embeddable":true,"href":"https:\/\/sertv.gob.pa\/nacionalfm\/wp-json\/wp\/v2\/media\/10821"}],"wp:attachment":[{"href":"https:\/\/sertv.gob.pa\/nacionalfm\/wp-json\/wp\/v2\/media?parent=10820"}],"wp:term":[{"taxonomy":"category","embeddable":true,"href":"https:\/\/sertv.gob.pa\/nacionalfm\/wp-json\/wp\/v2\/categories?post=10820"},{"taxonomy":"post_tag","embeddable":true,"href":"https:\/\/sertv.gob.pa\/nacionalfm\/wp-json\/wp\/v2\/tags?post=10820"}],"curies":[{"name":"wp","href":"https:\/\/api.w.org\/{rel}","templated":true}]}}