{"id":10822,"date":"2016-02-22T18:21:54","date_gmt":"2016-02-22T18:21:54","guid":{"rendered":""},"modified":"2016-02-22T18:21:54","modified_gmt":"2016-02-22T18:21:54","slug":"alcaldia-realiza-ii-version-de-ciclovia-nocturna","status":"publish","type":"post","link":"https:\/\/sertv.gob.pa\/nacionalfm\/alcaldia-realiza-ii-version-de-ciclovia-nocturna\/","title":{"rendered":"Alcald\u00eda realiza II versi\u00f3n de \u201cCiclov\u00eda Nocturna\u201d"},"content":{"rendered":"<p>\nEste fin de semana arranc\u00f3  la segunda versi\u00f3n de la Ciclov\u00eda Nocturna,   organizada por las autoridades de la Alcald\u00eda de Panam\u00e1, bajo la subdirecci\u00f3n de Deportes.  <\/p>\n<p>Las personas asistentes se reunieron y participaron en diversas actividades, e igualmente disfrutaron de m\u00fasica.  El evento comenz\u00f3 desde las 6:00 de la tarde y culmin\u00f3 a las 12 de la medianoche.  <\/p>\n<p>Aqu\u00ed no faltaron los patinadores que recordaron la \u00e9poca dorada del pat\u00edn. <\/p>\n<p>Cientos de personas entre j\u00f3venes y adultos se sumaron a quemar calor\u00edas bajo el ritmo del Zumba, mientras que otros se ejercitaban al mejor ritmo del pedal y\u00a0en grupos formaban filas de colores, pues las luces fueron las protagonistas de esta  ciclov\u00eda nocturna.  <\/p>\n<p> Esta ciclov\u00eda principi\u00f3 desde los estacionamientos del Hotel Miramar Intercontinental y termin\u00f3 hasta el Estadio Maracan\u00e1 en la Cinta Costera 3.\u00a0<br \/>\nPara el desarrollo de la actividad, no falt\u00f3 la seguridad por parte de la Polic\u00eda Municipal, la Polic\u00eda Nacional y del Servicio de Protecci\u00f3n Institucional (SPI), como guardianes de v\u00eda con sus respectivas ambulancias de ruta.  <\/p>\n<p>La adrenalina de los ciclistas profesionales y no profesionales, as\u00ed como de los patinadores fue contagiada a uno que otro observador que se encontr\u00f3 a esa hora paseando por la Cinta Costera. <\/p>\n<p>Uno de los participantes en la actividad, Ghinno Atencio aprovech\u00f3 la ocasi\u00f3n para felicitar a todo el equipo del Municipio de Panam\u00e1 y sus aliados deportivos que respaldan esta iniciativa. \u00abNo hagan caso a las cr\u00edticas, la  ciclov\u00eda  es una actividad sana, pac\u00edfica y debe seguir creciendo; nunca antes se hab\u00edan realizado estas actividades para los ciudadanos\u00bb, recalc\u00f3, Atencio. <\/p>\n","protected":false},"excerpt":{"rendered":"<p>Este fin de semana arranc\u00f3 la segunda versi\u00f3n de la <a href=\"https:\/\/sertv.gob.pa\/nacionalfm\/alcaldia-realiza-ii-version-de-ciclovia-nocturna\/\"> [&#8230;]<\/a><\/p>\n","protected":false},"author":1,"featured_media":10823,"comment_status":"closed","ping_status":"closed","sticky":false,"template":"","format":"standard","meta":{"footnotes":""},"categories":[4],"tags":[],"class_list":["post-10822","post","type-post","status-publish","format-standard","has-post-thumbnail","hentry","category-deportes"],"_links":{"self":[{"href":"https:\/\/sertv.gob.pa\/nacionalfm\/wp-json\/wp\/v2\/posts\/10822","targetHints":{"allow":["GET"]}}],"collection":[{"href":"https:\/\/sertv.gob.pa\/nacionalfm\/wp-json\/wp\/v2\/posts"}],"about":[{"href":"https:\/\/sertv.gob.pa\/nacionalfm\/wp-json\/wp\/v2\/types\/post"}],"author":[{"embeddable":true,"href":"https:\/\/sertv.gob.pa\/nacionalfm\/wp-json\/wp\/v2\/users\/1"}],"replies":[{"embeddable":true,"href":"https:\/\/sertv.gob.pa\/nacionalfm\/wp-json\/wp\/v2\/comments?post=10822"}],"version-history":[{"count":0,"href":"https:\/\/sertv.gob.pa\/nacionalfm\/wp-json\/wp\/v2\/posts\/10822\/revisions"}],"wp:featuredmedia":[{"embeddable":true,"href":"https:\/\/sertv.gob.pa\/nacionalfm\/wp-json\/wp\/v2\/media\/10823"}],"wp:attachment":[{"href":"https:\/\/sertv.gob.pa\/nacionalfm\/wp-json\/wp\/v2\/media?parent=10822"}],"wp:term":[{"taxonomy":"category","embeddable":true,"href":"https:\/\/sertv.gob.pa\/nacionalfm\/wp-json\/wp\/v2\/categories?post=10822"},{"taxonomy":"post_tag","embeddable":true,"href":"https:\/\/sertv.gob.pa\/nacionalfm\/wp-json\/wp\/v2\/tags?post=10822"}],"curies":[{"name":"wp","href":"https:\/\/api.w.org\/{rel}","templated":true}]}}