{"id":10838,"date":"2016-02-23T16:20:05","date_gmt":"2016-02-23T16:20:05","guid":{"rendered":""},"modified":"2016-02-23T16:20:05","modified_gmt":"2016-02-23T16:20:05","slug":"inscripciones-abiertas-para-circuito-municipal-5k-a-favor-de-parque-summit","status":"publish","type":"post","link":"https:\/\/sertv.gob.pa\/nacionalfm\/inscripciones-abiertas-para-circuito-municipal-5k-a-favor-de-parque-summit\/","title":{"rendered":"Inscripciones abiertas para Circuito Municipal 5k a favor de Parque Summit"},"content":{"rendered":"<p>\n A trav\u00e9s de nota, las autoridades de la Alcald\u00eda de Panam\u00e1 y el Club Atl\u00e9tico PAFRA (Panama Armed Forces Running), invitan a la carrera \u00a05 kil\u00f3metros, que dar\u00e1 \u00a0inicio al circuito municipal, y que ser\u00e1 \u00a0a \u00a0beneficio del Parque Municipal Summit cuyos fondos ser\u00e1n administrados por la \u00a0Fundaci\u00f3n para la Conservaci\u00f3n de los Recursos Naturales (Natura).  <\/p>\n<p> Esta gran carrera de 5 km se efectuar\u00e1 el domingo, 28 de febrero de 2016. El punto de partida es en el Estadio Maracan\u00e1 a las 7:00 de la ma\u00f1ana. El recorrido contempla ida y vuelta por el tramo corredor marino de la Cinta Costera 3.  <\/p>\n<p> Para las personas interesadas, las inscripciones ser\u00e1n a partir de este martes 23 al 26 de febrero, desde las 9:00 a.m. hasta las 2:00 p.m., en la planta baja del Edificio Hatillo y tendr\u00e1 un costo de $15.00 por persona. Una vez inscrito (a) inmediatamente recibir\u00e1 el kit completo de \u00a0la carrera.  <\/p>\n<p> Podr\u00e1n participar en las categor\u00edas masculino y femenino de 15 -19 a\u00f1os, 20-29 a\u00f1os, 30-39 a\u00f1os, 40-49 a\u00f1os, 50-59 a\u00f1os, categor\u00eda m\u00e1s de 60 a\u00f1os y categor\u00eda especial en silla de ruedas. Donde los tres ganadores por categor\u00eda recibir\u00e1n una premiaci\u00f3n en efectivo.  <\/p>\n<p> Para quienes participen tendr\u00e1n bebidas hidratantes, agua y un pre-calentamiento de activaci\u00f3n con la experta Kathiana Castillo. Adem\u00e1s se contar\u00e1 con la presencia de los estamentos de seguridad y un equipo de primeros auxilios con sus respectivas ambulancias.  <\/p>\n<p> Continuando con el calendario de carreras, del circuito municipal para el 10 de abril se realizar\u00e1 la de 10 km, el 19 de junio la de 15 km y el 21 km de agosto la media marat\u00f3n \u00a0que incluir\u00e1 relevos.  <\/p>\n<p> Cabe destacar, que la Fundaci\u00f3n Natura (Fundaci\u00f3n para la Conservaci\u00f3n de los Recursos Naturales, es una ONG paname\u00f1a constituida el 28 de marzo de 1991, tiene una reconocida experiencia en el manejo de los fondos ambientales, provenientes de fuentes nacionales e internacionales, destinados a financiar programas, planes y proyectos ambientales.  <\/p>\n<p>\u00a0 <\/p>\n","protected":false},"excerpt":{"rendered":"<p>A trav\u00e9s de nota, las autoridades de la Alcald\u00eda de <a href=\"https:\/\/sertv.gob.pa\/nacionalfm\/inscripciones-abiertas-para-circuito-municipal-5k-a-favor-de-parque-summit\/\"> [&#8230;]<\/a><\/p>\n","protected":false},"author":1,"featured_media":10839,"comment_status":"closed","ping_status":"closed","sticky":false,"template":"","format":"standard","meta":{"footnotes":""},"categories":[4],"tags":[],"class_list":["post-10838","post","type-post","status-publish","format-standard","has-post-thumbnail","hentry","category-deportes"],"_links":{"self":[{"href":"https:\/\/sertv.gob.pa\/nacionalfm\/wp-json\/wp\/v2\/posts\/10838","targetHints":{"allow":["GET"]}}],"collection":[{"href":"https:\/\/sertv.gob.pa\/nacionalfm\/wp-json\/wp\/v2\/posts"}],"about":[{"href":"https:\/\/sertv.gob.pa\/nacionalfm\/wp-json\/wp\/v2\/types\/post"}],"author":[{"embeddable":true,"href":"https:\/\/sertv.gob.pa\/nacionalfm\/wp-json\/wp\/v2\/users\/1"}],"replies":[{"embeddable":true,"href":"https:\/\/sertv.gob.pa\/nacionalfm\/wp-json\/wp\/v2\/comments?post=10838"}],"version-history":[{"count":0,"href":"https:\/\/sertv.gob.pa\/nacionalfm\/wp-json\/wp\/v2\/posts\/10838\/revisions"}],"wp:featuredmedia":[{"embeddable":true,"href":"https:\/\/sertv.gob.pa\/nacionalfm\/wp-json\/wp\/v2\/media\/10839"}],"wp:attachment":[{"href":"https:\/\/sertv.gob.pa\/nacionalfm\/wp-json\/wp\/v2\/media?parent=10838"}],"wp:term":[{"taxonomy":"category","embeddable":true,"href":"https:\/\/sertv.gob.pa\/nacionalfm\/wp-json\/wp\/v2\/categories?post=10838"},{"taxonomy":"post_tag","embeddable":true,"href":"https:\/\/sertv.gob.pa\/nacionalfm\/wp-json\/wp\/v2\/tags?post=10838"}],"curies":[{"name":"wp","href":"https:\/\/api.w.org\/{rel}","templated":true}]}}