{"id":10844,"date":"2016-02-23T18:20:50","date_gmt":"2016-02-23T18:20:50","guid":{"rendered":""},"modified":"2016-02-23T18:20:50","modified_gmt":"2016-02-23T18:20:50","slug":"en-francia-malformaciones-en-recien-nacidos-por-antiepileptico","status":"publish","type":"post","link":"https:\/\/sertv.gob.pa\/nacionalfm\/en-francia-malformaciones-en-recien-nacidos-por-antiepileptico\/","title":{"rendered":"En Francia malformaciones en reci\u00e9n nacidos por antiepil\u00e9ptico"},"content":{"rendered":"<p>\nEl antiepil\u00e9ptico  valproato  (Depakine y sus derivados) consumido por mujeres embarazadas provoc\u00f3 cerca de 450 malformaciones congenitales en los reci\u00e9n nacidos entre 2006 y 2014 en Francia, seg\u00fan una estimaci\u00f3n publicada por las autoridades sanitarias francesas. <\/p>\n<p>\u00abEntre 425 y 450 casos de ni\u00f1os nacidos vivos o muertos expuestos en el \u00fatero al valproato entre 2006 y 2014 eran portadores de malformaciones congenitales\u00bb, afirm\u00f3 el informe de la Inspecci\u00f3n General de Asuntos Sociales (IGAS) de Francia. <\/p>\n<p>Ese antiepil\u00e9ptico, considerado como un medicamento de referencia e igualmente para los comportamientos bipolares, es comercializado desde el a\u00f1o 1967. <\/p>\n<p>El valproato est\u00e1 en la picota desde hace a\u00f1os debido a su elevado riesgo de malformaci\u00f3n, de un 10%, pero tambi\u00e9n por los riesgos de m\u00e1s elevados de atraso intelectual, de marcha y de autismo que pueden llegar a 40% en los ni\u00f1os expuestos. <\/p>\n<p>El riesgo de autismo se hizo evidente en los a\u00f1os dos mil, mientras que el de la malformaci\u00f3n se conoce desde los a\u00f1os ochenta. <\/p>\n<p>\u00a0 <\/p>\n","protected":false},"excerpt":{"rendered":"<p>El antiepil\u00e9ptico valproato (Depakine y sus derivados) consumido por mujeres <a href=\"https:\/\/sertv.gob.pa\/nacionalfm\/en-francia-malformaciones-en-recien-nacidos-por-antiepileptico\/\"> [&#8230;]<\/a><\/p>\n","protected":false},"author":1,"featured_media":10845,"comment_status":"closed","ping_status":"closed","sticky":false,"template":"","format":"standard","meta":{"footnotes":""},"categories":[5],"tags":[],"class_list":["post-10844","post","type-post","status-publish","format-standard","has-post-thumbnail","hentry","category-salud"],"_links":{"self":[{"href":"https:\/\/sertv.gob.pa\/nacionalfm\/wp-json\/wp\/v2\/posts\/10844","targetHints":{"allow":["GET"]}}],"collection":[{"href":"https:\/\/sertv.gob.pa\/nacionalfm\/wp-json\/wp\/v2\/posts"}],"about":[{"href":"https:\/\/sertv.gob.pa\/nacionalfm\/wp-json\/wp\/v2\/types\/post"}],"author":[{"embeddable":true,"href":"https:\/\/sertv.gob.pa\/nacionalfm\/wp-json\/wp\/v2\/users\/1"}],"replies":[{"embeddable":true,"href":"https:\/\/sertv.gob.pa\/nacionalfm\/wp-json\/wp\/v2\/comments?post=10844"}],"version-history":[{"count":0,"href":"https:\/\/sertv.gob.pa\/nacionalfm\/wp-json\/wp\/v2\/posts\/10844\/revisions"}],"wp:featuredmedia":[{"embeddable":true,"href":"https:\/\/sertv.gob.pa\/nacionalfm\/wp-json\/wp\/v2\/media\/10845"}],"wp:attachment":[{"href":"https:\/\/sertv.gob.pa\/nacionalfm\/wp-json\/wp\/v2\/media?parent=10844"}],"wp:term":[{"taxonomy":"category","embeddable":true,"href":"https:\/\/sertv.gob.pa\/nacionalfm\/wp-json\/wp\/v2\/categories?post=10844"},{"taxonomy":"post_tag","embeddable":true,"href":"https:\/\/sertv.gob.pa\/nacionalfm\/wp-json\/wp\/v2\/tags?post=10844"}],"curies":[{"name":"wp","href":"https:\/\/api.w.org\/{rel}","templated":true}]}}