{"id":10846,"date":"2016-02-23T18:30:51","date_gmt":"2016-02-23T18:30:51","guid":{"rendered":""},"modified":"2016-02-23T18:30:51","modified_gmt":"2016-02-23T18:30:51","slug":"cada-vez-mas-cerca-de-una-cura-para-vitiligo","status":"publish","type":"post","link":"https:\/\/sertv.gob.pa\/nacionalfm\/cada-vez-mas-cerca-de-una-cura-para-vitiligo\/","title":{"rendered":"Cada vez m\u00e1s cerca de una cura para vit\u00edligo"},"content":{"rendered":"<p>\nLa teor\u00eda m\u00e1s novedosa acerca su curaci\u00f3n ya que sugiere que existe un defecto en los mecanismos de adhesi\u00f3n entre los melanocitos y los queranocitos vecinos, lo que hace que el melanocito se desprenda. Este defecto en una prote\u00edna, denominada E-cadherina, que act\u00faa como pegamento entre las c\u00e9lulas de la piel se ha hecho patente en los pacientes de vit\u00edligo que presentan una deficiencia en esta prote\u00edna. <\/p>\n<p>\u00abEstamos trabajando en una prote\u00edna sint\u00e9tica que act\u00fae igual que la E-cadherina y que dar\u00eda origen a un tratamiento t\u00f3pico nanotecnol\u00f3gico, pues tendr\u00eda que llegar al melanocito que se halla en la membrana basal por debajo de toda la epidermis. Intentamos desarrollar un transportador similar a una burbuja que traslade la prote\u00edna de s\u00edntesis hasta el melanocito\u00bb, destaca Serrano, que agrega que el desencadenante del vit\u00edligo podr\u00eda ser un trauma o traumas que afectar\u00edan al funcionamiento de la prote\u00edna, ya sea una ropa demasiado apretada o dormir de un lado. <\/p>\n<p>En realidad en la mayor\u00eda de los casos supone s\u00f3lo un trastorno est\u00e9tico que no compromete la vida pero cuyas manifestaciones psicol\u00f3gicas afectan a su calidad ya sea por falta de educaci\u00f3n o porque se dice que es una afecci\u00f3n incurable cuando es tratable. \u00abPuede mejorar e incluso se puede curar aunque requiere de un tratamiento que puede durar largos a\u00f1os hasta dar buenos resultados finalmente\u00bb, a\u00f1ade el doctor Serrano. \u00a0\u00a0 <\/p>\n<p>Para tratar el vit\u00edligo se emplean antioxidantes por v\u00eda t\u00f3pica y oral como la super\u00f3xido dismutasa (SOD) y la pseudocatalasa. En este \u00faltimo caso se han conseguido grandes avances ya que se desconoc\u00eda que su vida \u00fatil era de alrededor de dos semanas y los pacientes las empleaban a partir de este plazo sin efectos y ya se ha conseguido que tenga una vida \u00fatil de hasta 30 d\u00edas. <\/p>\n<p>Adem\u00e1s, es importante tambi\u00e9n el papel de la radiaci\u00f3n ultravioleta de banda estrecha (VB-BD) y el l\u00e1ser de exc\u00edmer. Este \u00faltimo supone una fuente m\u00e1s intensa de tratamiento pero con muy buenos resultados, aunque el tratamiento es caro dado que con cada disparo del l\u00e1ser se consume la vida de una l\u00e1mpara. <\/p>\n<p>El dermat\u00f3logo afirma que una terapia combinada de antioxidantes, rayos ultravioleta, l\u00e1ser de exc\u00edmer y E-cadherina sint\u00e9tica lograr\u00e1 los mejores resultados en los pacientes de vit\u00edligo. \u00abEstamos muy cerca de conseguir la curaci\u00f3n del vit\u00edligo y un mejor tratamiento\u00bb, concluye el dermat\u00f3logo de la AEDV. <\/p>\n<p>\u00a0 <\/p>\n<p>\u00a0 <\/p>\n","protected":false},"excerpt":{"rendered":"<p>La teor\u00eda m\u00e1s novedosa acerca su curaci\u00f3n ya que sugiere <a href=\"https:\/\/sertv.gob.pa\/nacionalfm\/cada-vez-mas-cerca-de-una-cura-para-vitiligo\/\"> [&#8230;]<\/a><\/p>\n","protected":false},"author":1,"featured_media":10847,"comment_status":"closed","ping_status":"closed","sticky":false,"template":"","format":"standard","meta":{"footnotes":""},"categories":[5],"tags":[],"class_list":["post-10846","post","type-post","status-publish","format-standard","has-post-thumbnail","hentry","category-salud"],"_links":{"self":[{"href":"https:\/\/sertv.gob.pa\/nacionalfm\/wp-json\/wp\/v2\/posts\/10846","targetHints":{"allow":["GET"]}}],"collection":[{"href":"https:\/\/sertv.gob.pa\/nacionalfm\/wp-json\/wp\/v2\/posts"}],"about":[{"href":"https:\/\/sertv.gob.pa\/nacionalfm\/wp-json\/wp\/v2\/types\/post"}],"author":[{"embeddable":true,"href":"https:\/\/sertv.gob.pa\/nacionalfm\/wp-json\/wp\/v2\/users\/1"}],"replies":[{"embeddable":true,"href":"https:\/\/sertv.gob.pa\/nacionalfm\/wp-json\/wp\/v2\/comments?post=10846"}],"version-history":[{"count":0,"href":"https:\/\/sertv.gob.pa\/nacionalfm\/wp-json\/wp\/v2\/posts\/10846\/revisions"}],"wp:featuredmedia":[{"embeddable":true,"href":"https:\/\/sertv.gob.pa\/nacionalfm\/wp-json\/wp\/v2\/media\/10847"}],"wp:attachment":[{"href":"https:\/\/sertv.gob.pa\/nacionalfm\/wp-json\/wp\/v2\/media?parent=10846"}],"wp:term":[{"taxonomy":"category","embeddable":true,"href":"https:\/\/sertv.gob.pa\/nacionalfm\/wp-json\/wp\/v2\/categories?post=10846"},{"taxonomy":"post_tag","embeddable":true,"href":"https:\/\/sertv.gob.pa\/nacionalfm\/wp-json\/wp\/v2\/tags?post=10846"}],"curies":[{"name":"wp","href":"https:\/\/api.w.org\/{rel}","templated":true}]}}