{"id":108495,"date":"2025-05-29T11:11:39","date_gmt":"2025-05-29T16:11:39","guid":{"rendered":"https:\/\/sertv.gob.pa\/nacionalfm\/?p=108495"},"modified":"2025-05-29T11:11:39","modified_gmt":"2025-05-29T16:11:39","slug":"disapas-desarrolla-el-programa-de-genero-en-la-comarca-ngabe-bugle","status":"publish","type":"post","link":"https:\/\/sertv.gob.pa\/nacionalfm\/disapas-desarrolla-el-programa-de-genero-en-la-comarca-ngabe-bugle\/","title":{"rendered":"DISAPAS desarrolla el Programa de G\u00e9nero en la Comarca Ng\u00e4be Bugl\u00e9"},"content":{"rendered":"<div class=\"fusion-fullwidth fullwidth-box fusion-builder-row-1 fusion-flex-container nonhundred-percent-fullwidth non-hundred-percent-height-scrolling\" style=\"--awb-border-radius-top-left:0px;--awb-border-radius-top-right:0px;--awb-border-radius-bottom-right:0px;--awb-border-radius-bottom-left:0px;--awb-flex-wrap:wrap;\" ><div class=\"fusion-builder-row fusion-row fusion-flex-align-items-flex-start fusion-flex-content-wrap\" style=\"max-width:1144px;margin-left: calc(-4% \/ 2 );margin-right: calc(-4% \/ 2 );\"><div class=\"fusion-layout-column fusion_builder_column fusion-builder-column-0 fusion_builder_column_1_1 1_1 fusion-flex-column\" style=\"--awb-bg-size:cover;--awb-width-large:100%;--awb-margin-top-large:0px;--awb-spacing-right-large:1.92%;--awb-margin-bottom-large:0px;--awb-spacing-left-large:1.92%;--awb-width-medium:100%;--awb-spacing-right-medium:1.92%;--awb-spacing-left-medium:1.92%;--awb-width-small:100%;--awb-spacing-right-small:1.92%;--awb-spacing-left-small:1.92%;\"><div class=\"fusion-column-wrapper fusion-flex-justify-content-flex-start fusion-content-layout-column\"><div class=\"fusion-text fusion-text-1\"><p><em><strong>El Ministerio de Salud de Panam\u00e1 (MINSA), a trav\u00e9s de la direcci\u00f3n del Subsector de Agua Potable y Alcantarillado Sanitario (DISAPAS), con el objetiv\u00f3 de promover la equidad en la participaci\u00f3n y toma de decisiones de hombres y mujeres en la gesti\u00f3n de agua y saneamiento, realiz\u00f3 el Programa de G\u00e9nero en la Comarca Ng\u00e4be Bugl\u00e9.<\/strong><\/em><\/p>\n<p><strong>El programa beneficia a las comunidades de distrito de Kankint\u00fa: Nutivi Centro, Nutivi Occidente, Becativi, Morodoni, Guayabito y Cobrante; impactando a m\u00e1s de 121 directivos de las Juntas Administradoras de Acueductos Rurales de DISAPA, <\/strong><strong>bajo el Programa de Agua Potable y Saneamiento en \u00c1rea Ind\u00edgenas de Panam\u00e1.<\/strong><\/p>\n<p><strong>Tradicionalmente, las mujeres son las principales encargadas de la recolecci\u00f3n de agua y la gesti\u00f3n del hogar, lo que las expone directamente a los problemas de escasez y saneamiento deficiente; por lo que este taller desarrollar\u00e1 los conocimientos espec\u00edficos de las mujeres en las tomas de decisiones, planificaci\u00f3n y la implementaci\u00f3n de proyectos.<\/strong><\/p>\n<p><strong>Esto, no solo conduce a soluciones m\u00e1s equitativas y sostenibles, sino que tambi\u00e9n empodera a las mujeres, mejora la salud comunitaria y fomenta un desarrollo m\u00e1s inclusivo en toda la Comarca.<\/strong><\/p>\n<p><strong>Los participantes recibieron capacitaci\u00f3n sobre Transversalizaci\u00f3n de g\u00e9nero en Programa de Agua &#8211; Saneamiento y resumen del trabajo desarrollado en la comarca, con la finalidad de compartir los logros alcanzados resultado del trabajo en equipo, la cual presidi\u00f3 la subdirectora, Nereyda Mock.<\/strong><\/p>\n<p>Fuente: MINSA<\/p>\n<\/div><div class=\"awb-gallery-wrapper awb-gallery-wrapper-1 button-span-no\" style=\"--more-btn-alignment:center;\"><div style=\"margin:-5px;--awb-bordersize:0px;\" class=\"fusion-gallery fusion-gallery-container fusion-grid-3 fusion-columns-total-2 fusion-gallery-layout-grid fusion-gallery-1\"><div style=\"padding:5px;\" class=\"fusion-grid-column fusion-gallery-column fusion-gallery-column-3 hover-type-none\"><div class=\"fusion-gallery-image\"><a href=\"https:\/\/sertv.gob.pa\/nacionalfm\/wp-content\/uploads\/sites\/6\/2025\/05\/DISAPAS-EN-COMARCA-1.jpg\" rel=\"noreferrer\" data-rel=\"iLightbox[gallery_image_1]\" class=\"fusion-lightbox\" target=\"_self\"><img decoding=\"async\" src=\"https:\/\/sertv.gob.pa\/nacionalfm\/wp-content\/uploads\/sites\/6\/2025\/05\/DISAPAS-EN-COMARCA-1.jpg\" width=\"600\" height=\"450\" alt=\"\" title=\"DISAPAS EN COMARCA 1\" aria-label=\"DISAPAS EN COMARCA 1\" class=\"img-responsive wp-image-108497\" srcset=\"https:\/\/sertv.gob.pa\/nacionalfm\/wp-content\/uploads\/sites\/6\/2025\/05\/DISAPAS-EN-COMARCA-1-200x150.jpg 200w, https:\/\/sertv.gob.pa\/nacionalfm\/wp-content\/uploads\/sites\/6\/2025\/05\/DISAPAS-EN-COMARCA-1-400x300.jpg 400w, https:\/\/sertv.gob.pa\/nacionalfm\/wp-content\/uploads\/sites\/6\/2025\/05\/DISAPAS-EN-COMARCA-1.jpg 600w\" sizes=\"(min-width: 2200px) 100vw, (min-width: 784px) 363px, (min-width: 712px) 545px, (min-width: 640px) 712px, \" \/><\/a><\/div><\/div><div style=\"padding:5px;\" class=\"fusion-grid-column fusion-gallery-column fusion-gallery-column-3 hover-type-none\"><div class=\"fusion-gallery-image\"><a href=\"https:\/\/sertv.gob.pa\/nacionalfm\/wp-content\/uploads\/sites\/6\/2025\/05\/DISAPAS-EN-COMARCA-2.jpg\" rel=\"noreferrer\" data-rel=\"iLightbox[gallery_image_1]\" class=\"fusion-lightbox\" target=\"_self\"><img decoding=\"async\" src=\"https:\/\/sertv.gob.pa\/nacionalfm\/wp-content\/uploads\/sites\/6\/2025\/05\/DISAPAS-EN-COMARCA-2.jpg\" width=\"600\" height=\"450\" alt=\"\" title=\"DISAPAS EN COMARCA 2\" aria-label=\"DISAPAS EN COMARCA 2\" class=\"img-responsive wp-image-108498\" srcset=\"https:\/\/sertv.gob.pa\/nacionalfm\/wp-content\/uploads\/sites\/6\/2025\/05\/DISAPAS-EN-COMARCA-2-200x150.jpg 200w, https:\/\/sertv.gob.pa\/nacionalfm\/wp-content\/uploads\/sites\/6\/2025\/05\/DISAPAS-EN-COMARCA-2-400x300.jpg 400w, https:\/\/sertv.gob.pa\/nacionalfm\/wp-content\/uploads\/sites\/6\/2025\/05\/DISAPAS-EN-COMARCA-2.jpg 600w\" sizes=\"(min-width: 2200px) 100vw, (min-width: 784px) 363px, (min-width: 712px) 545px, (min-width: 640px) 712px, \" \/><\/a><\/div><\/div><\/div><\/div><\/div><\/div><\/div><\/div>\n","protected":false},"excerpt":{"rendered":"","protected":false},"author":9,"featured_media":108496,"comment_status":"closed","ping_status":"closed","sticky":false,"template":"","format":"standard","meta":{"footnotes":""},"categories":[5],"tags":[],"class_list":["post-108495","post","type-post","status-publish","format-standard","has-post-thumbnail","hentry","category-salud"],"_links":{"self":[{"href":"https:\/\/sertv.gob.pa\/nacionalfm\/wp-json\/wp\/v2\/posts\/108495","targetHints":{"allow":["GET"]}}],"collection":[{"href":"https:\/\/sertv.gob.pa\/nacionalfm\/wp-json\/wp\/v2\/posts"}],"about":[{"href":"https:\/\/sertv.gob.pa\/nacionalfm\/wp-json\/wp\/v2\/types\/post"}],"author":[{"embeddable":true,"href":"https:\/\/sertv.gob.pa\/nacionalfm\/wp-json\/wp\/v2\/users\/9"}],"replies":[{"embeddable":true,"href":"https:\/\/sertv.gob.pa\/nacionalfm\/wp-json\/wp\/v2\/comments?post=108495"}],"version-history":[{"count":2,"href":"https:\/\/sertv.gob.pa\/nacionalfm\/wp-json\/wp\/v2\/posts\/108495\/revisions"}],"predecessor-version":[{"id":108500,"href":"https:\/\/sertv.gob.pa\/nacionalfm\/wp-json\/wp\/v2\/posts\/108495\/revisions\/108500"}],"wp:featuredmedia":[{"embeddable":true,"href":"https:\/\/sertv.gob.pa\/nacionalfm\/wp-json\/wp\/v2\/media\/108496"}],"wp:attachment":[{"href":"https:\/\/sertv.gob.pa\/nacionalfm\/wp-json\/wp\/v2\/media?parent=108495"}],"wp:term":[{"taxonomy":"category","embeddable":true,"href":"https:\/\/sertv.gob.pa\/nacionalfm\/wp-json\/wp\/v2\/categories?post=108495"},{"taxonomy":"post_tag","embeddable":true,"href":"https:\/\/sertv.gob.pa\/nacionalfm\/wp-json\/wp\/v2\/tags?post=108495"}],"curies":[{"name":"wp","href":"https:\/\/api.w.org\/{rel}","templated":true}]}}