{"id":108529,"date":"2025-05-29T14:30:39","date_gmt":"2025-05-29T19:30:39","guid":{"rendered":"https:\/\/sertv.gob.pa\/nacionalfm\/?p=108529"},"modified":"2025-05-29T14:30:39","modified_gmt":"2025-05-29T19:30:39","slug":"comunicado-idaan","status":"publish","type":"post","link":"https:\/\/sertv.gob.pa\/nacionalfm\/comunicado-idaan\/","title":{"rendered":"COMUNICADO: IDAAN"},"content":{"rendered":"<p><em><strong>Cocl\u00e9: La planta potabilizadora de El Valle, suspender\u00e1 sus operaciones esta noche, jueves 29 de mayo, de 9:00 pm a 1:00 am de ma\u00f1ana viernes 30 de mayo, debido a trabajos de revisi\u00f3n de v\u00e1lvulas.\u00a0<\/strong><\/em><\/p>\n<p><em><strong>\u00a1Tome las medidas necesarias para abastecerse con antelaci\u00f3n!<\/strong><\/em><\/p>\n<p>&nbsp;<\/p>\n<p>Fuente: IDAAN<\/p>\n","protected":false},"excerpt":{"rendered":"<p>Cocl\u00e9: La planta potabilizadora de El Valle, suspender\u00e1 sus operaciones <a href=\"https:\/\/sertv.gob.pa\/nacionalfm\/comunicado-idaan\/\"> [&#8230;]<\/a><\/p>\n","protected":false},"author":9,"featured_media":108530,"comment_status":"closed","ping_status":"closed","sticky":false,"template":"","format":"standard","meta":{"footnotes":""},"categories":[2],"tags":[],"class_list":["post-108529","post","type-post","status-publish","format-standard","has-post-thumbnail","hentry","category-nacionales"],"_links":{"self":[{"href":"https:\/\/sertv.gob.pa\/nacionalfm\/wp-json\/wp\/v2\/posts\/108529","targetHints":{"allow":["GET"]}}],"collection":[{"href":"https:\/\/sertv.gob.pa\/nacionalfm\/wp-json\/wp\/v2\/posts"}],"about":[{"href":"https:\/\/sertv.gob.pa\/nacionalfm\/wp-json\/wp\/v2\/types\/post"}],"author":[{"embeddable":true,"href":"https:\/\/sertv.gob.pa\/nacionalfm\/wp-json\/wp\/v2\/users\/9"}],"replies":[{"embeddable":true,"href":"https:\/\/sertv.gob.pa\/nacionalfm\/wp-json\/wp\/v2\/comments?post=108529"}],"version-history":[{"count":1,"href":"https:\/\/sertv.gob.pa\/nacionalfm\/wp-json\/wp\/v2\/posts\/108529\/revisions"}],"predecessor-version":[{"id":108531,"href":"https:\/\/sertv.gob.pa\/nacionalfm\/wp-json\/wp\/v2\/posts\/108529\/revisions\/108531"}],"wp:featuredmedia":[{"embeddable":true,"href":"https:\/\/sertv.gob.pa\/nacionalfm\/wp-json\/wp\/v2\/media\/108530"}],"wp:attachment":[{"href":"https:\/\/sertv.gob.pa\/nacionalfm\/wp-json\/wp\/v2\/media?parent=108529"}],"wp:term":[{"taxonomy":"category","embeddable":true,"href":"https:\/\/sertv.gob.pa\/nacionalfm\/wp-json\/wp\/v2\/categories?post=108529"},{"taxonomy":"post_tag","embeddable":true,"href":"https:\/\/sertv.gob.pa\/nacionalfm\/wp-json\/wp\/v2\/tags?post=108529"}],"curies":[{"name":"wp","href":"https:\/\/api.w.org\/{rel}","templated":true}]}}