{"id":108586,"date":"2025-06-02T08:25:10","date_gmt":"2025-06-02T13:25:10","guid":{"rendered":"https:\/\/sertv.gob.pa\/nacionalfm\/?p=108586"},"modified":"2025-06-02T08:25:10","modified_gmt":"2025-06-02T13:25:10","slug":"en-panama-se-realizara-el-ii-foro-economico-de-america-latina-respaldado-por-la-caf","status":"publish","type":"post","link":"https:\/\/sertv.gob.pa\/nacionalfm\/en-panama-se-realizara-el-ii-foro-economico-de-america-latina-respaldado-por-la-caf\/","title":{"rendered":"En Panam\u00e1 se realizar\u00e1 el II Foro Econ\u00f3mico de Am\u00e9rica Latina, respaldado por la CAF"},"content":{"rendered":"<ul>\n<li><em><strong>Presidente Mulino se reuni\u00f3 con el Presidente Ejecutivo de CAF<\/strong><\/em><\/li>\n<\/ul>\n<p>&nbsp;<\/p>\n<p><em><strong>El presidente de la Rep\u00fablica de Panam\u00e1, Jos\u00e9 Ra\u00fal Mulino, efectu\u00f3 recientemente, una reuni\u00f3n bilateral con el presidente ejecutivo del Banco de Desarrollo de Am\u00e9rica Latina y el Caribe (CAF), Sergio D\u00edaz-Granados, en el marco de la 10a Cumbre de Jefes de Estado de los Pa\u00edses y Territorios de la Asociaci\u00f3n de Estados del Caribe (AEC), en la ciudad de Monter\u00eda, Colombia.<\/strong><\/em><\/p>\n<p><em><strong>Durante la cita, D\u00edaz Granados, dio a conocer al mandatario paname\u00f1o, los avances que tiene el banco con Panam\u00e1, entre estos: la interconexi\u00f3n el\u00e9ctrica con Colombia, el plan de optimizaci\u00f3n del Aeropuerto de Tocumen, el nuevo domo del Parque Omar, as\u00ed como los avances de la construcci\u00f3n del edificio sede de la CAF que estar\u00e1 en Panam\u00e1, una obra que se vaticina inaugurar a mediados del 2026.<\/strong><\/em><\/p>\n<p><em><strong>De igual manera, D\u00edaz-Granados, le comunic\u00f3 al presidente Mulino, que la CAF, desarrollar\u00e1 por segundo a\u00f1o consecutivo, el Foro Econ\u00f3mico de Am\u00e9rica, en Panam\u00e1, con la participaci\u00f3n de importantes grupos empresariales en la regi\u00f3n.<\/strong><\/em><\/p>\n<p><em><strong>Cabe enfatizar, que esta actividad, est\u00e1 proyectada para que se lleve a cabo, a finales del mes de enero de 2026.<\/strong><\/em><\/p>\n<p>&nbsp;<\/p>\n<p>&nbsp;<\/p>\n","protected":false},"excerpt":{"rendered":"<p>Presidente Mulino se reuni\u00f3 con el Presidente Ejecutivo de CAF <a href=\"https:\/\/sertv.gob.pa\/nacionalfm\/en-panama-se-realizara-el-ii-foro-economico-de-america-latina-respaldado-por-la-caf\/\"> [&#8230;]<\/a><\/p>\n","protected":false},"author":9,"featured_media":108587,"comment_status":"closed","ping_status":"closed","sticky":false,"template":"","format":"standard","meta":{"footnotes":""},"categories":[2],"tags":[],"class_list":["post-108586","post","type-post","status-publish","format-standard","has-post-thumbnail","hentry","category-nacionales"],"_links":{"self":[{"href":"https:\/\/sertv.gob.pa\/nacionalfm\/wp-json\/wp\/v2\/posts\/108586","targetHints":{"allow":["GET"]}}],"collection":[{"href":"https:\/\/sertv.gob.pa\/nacionalfm\/wp-json\/wp\/v2\/posts"}],"about":[{"href":"https:\/\/sertv.gob.pa\/nacionalfm\/wp-json\/wp\/v2\/types\/post"}],"author":[{"embeddable":true,"href":"https:\/\/sertv.gob.pa\/nacionalfm\/wp-json\/wp\/v2\/users\/9"}],"replies":[{"embeddable":true,"href":"https:\/\/sertv.gob.pa\/nacionalfm\/wp-json\/wp\/v2\/comments?post=108586"}],"version-history":[{"count":1,"href":"https:\/\/sertv.gob.pa\/nacionalfm\/wp-json\/wp\/v2\/posts\/108586\/revisions"}],"predecessor-version":[{"id":108588,"href":"https:\/\/sertv.gob.pa\/nacionalfm\/wp-json\/wp\/v2\/posts\/108586\/revisions\/108588"}],"wp:featuredmedia":[{"embeddable":true,"href":"https:\/\/sertv.gob.pa\/nacionalfm\/wp-json\/wp\/v2\/media\/108587"}],"wp:attachment":[{"href":"https:\/\/sertv.gob.pa\/nacionalfm\/wp-json\/wp\/v2\/media?parent=108586"}],"wp:term":[{"taxonomy":"category","embeddable":true,"href":"https:\/\/sertv.gob.pa\/nacionalfm\/wp-json\/wp\/v2\/categories?post=108586"},{"taxonomy":"post_tag","embeddable":true,"href":"https:\/\/sertv.gob.pa\/nacionalfm\/wp-json\/wp\/v2\/tags?post=108586"}],"curies":[{"name":"wp","href":"https:\/\/api.w.org\/{rel}","templated":true}]}}