{"id":108589,"date":"2025-06-02T09:02:11","date_gmt":"2025-06-02T14:02:11","guid":{"rendered":"https:\/\/sertv.gob.pa\/nacionalfm\/?p=108589"},"modified":"2025-06-02T09:02:11","modified_gmt":"2025-06-02T14:02:11","slug":"sepresac-sigue-presente-con-la-jornada-de-alfabetizacion-constitucional-en-santiago-de-veraguas","status":"publish","type":"post","link":"https:\/\/sertv.gob.pa\/nacionalfm\/sepresac-sigue-presente-con-la-jornada-de-alfabetizacion-constitucional-en-santiago-de-veraguas\/","title":{"rendered":"SEPRESAC sigue presente con la jornada de Alfabetizaci\u00f3n Constitucional, en Santiago de Veraguas"},"content":{"rendered":"<div class=\"fusion-fullwidth fullwidth-box fusion-builder-row-1 fusion-flex-container has-pattern-background has-mask-background nonhundred-percent-fullwidth non-hundred-percent-height-scrolling\" style=\"--awb-border-radius-top-left:0px;--awb-border-radius-top-right:0px;--awb-border-radius-bottom-right:0px;--awb-border-radius-bottom-left:0px;--awb-flex-wrap:wrap;\" ><div class=\"fusion-builder-row fusion-row fusion-flex-align-items-flex-start fusion-flex-content-wrap\" style=\"max-width:1144px;margin-left: calc(-4% \/ 2 );margin-right: calc(-4% \/ 2 );\"><div class=\"fusion-layout-column fusion_builder_column fusion-builder-column-0 fusion_builder_column_1_1 1_1 fusion-flex-column\" style=\"--awb-bg-size:cover;--awb-width-large:100%;--awb-margin-top-large:0px;--awb-spacing-right-large:1.92%;--awb-margin-bottom-large:20px;--awb-spacing-left-large:1.92%;--awb-width-medium:100%;--awb-order-medium:0;--awb-spacing-right-medium:1.92%;--awb-spacing-left-medium:1.92%;--awb-width-small:100%;--awb-order-small:0;--awb-spacing-right-small:1.92%;--awb-spacing-left-small:1.92%;\"><div class=\"fusion-column-wrapper fusion-column-has-shadow fusion-flex-justify-content-flex-start fusion-content-layout-column\"><div class=\"fusion-text fusion-text-1\" style=\"--awb-content-alignment:justify;\"><p><em><strong>Como parte de la responsabilidad por fortalecer la participaci\u00f3n ciudadana e igualmente promover el conocimiento sobre los derechos y deberes constitucionales, la Secretar\u00eda Presidencial para la Reorganizaci\u00f3n del Estado y Asuntos Constitucionales (SEPRESAC), adscrita al Ministerio de la Presidencia, desarroll\u00f3 jornadas de Alfabetizaci\u00f3n Constitucional en el Hotel Gran David y en la Universidad Latina, en Santiago de Veraguas. Dicha iniciativa, forma parte del proceso constituyente que busca sentar las bases para una nueva constituci\u00f3n en la Rep\u00fablica de Panam\u00e1.<\/strong><\/em><\/p>\n<p><strong>Estas actividades, estuvieron enfocadas a miembros del Consejo Provincial de Veraguas, autoridades locales, funcionarios p\u00fablicos y municipales, estudiantes y representantes de la sociedad civil. El objetivo primordial, es fortalecer la cultura c\u00edvica y fomentar la participaci\u00f3n activa de la ciudadan\u00eda, en los asuntos constitucionales que impactan a Panam\u00e1.<\/strong><\/p>\n<p><strong>Para esta gesti\u00f3n, se cont\u00f3 con la participaci\u00f3n de Miguel Antonio Bernal, coordinador Ejecutivo de SEPRESAC, quien lider\u00f3 las conferencias, donde destac\u00f3 la relevancia de que los ciudadanos, conozcan sus derechos y deberes para involucrarse de manera informada en este proceso fundamental para la naci\u00f3n.<\/strong><\/p>\n<p><strong>Durante las sesiones, Bernal, respondi\u00f3 diversas consultas formuladas por los asistentes, y tambi\u00e9n, aprovech\u00f3 cada intervenci\u00f3n, a fin de profundizar en la necesidad de una nueva constituci\u00f3n que refleje las aspiraciones y demandas del pueblo paname\u00f1o.<\/strong><\/p>\n<p><strong>No hay que olvidar que, el programa de Alfabetizaci\u00f3n Constitucional, busca consolidar un proceso de democratizaci\u00f3n genuino en el cual, la ciudadan\u00eda deje de ser espectadora y se convierta en protagonista activa del cambio social y pol\u00edtico. Acorde a lo programado, esta primera fase, culminar\u00e1 en julio del pr\u00f3ximo a\u00f1o.<\/strong><\/p>\n<\/div><\/div><\/div><\/div><\/div>\n","protected":false},"excerpt":{"rendered":"","protected":false},"author":9,"featured_media":108590,"comment_status":"closed","ping_status":"closed","sticky":false,"template":"","format":"standard","meta":{"footnotes":""},"categories":[2],"tags":[],"class_list":["post-108589","post","type-post","status-publish","format-standard","has-post-thumbnail","hentry","category-nacionales"],"_links":{"self":[{"href":"https:\/\/sertv.gob.pa\/nacionalfm\/wp-json\/wp\/v2\/posts\/108589","targetHints":{"allow":["GET"]}}],"collection":[{"href":"https:\/\/sertv.gob.pa\/nacionalfm\/wp-json\/wp\/v2\/posts"}],"about":[{"href":"https:\/\/sertv.gob.pa\/nacionalfm\/wp-json\/wp\/v2\/types\/post"}],"author":[{"embeddable":true,"href":"https:\/\/sertv.gob.pa\/nacionalfm\/wp-json\/wp\/v2\/users\/9"}],"replies":[{"embeddable":true,"href":"https:\/\/sertv.gob.pa\/nacionalfm\/wp-json\/wp\/v2\/comments?post=108589"}],"version-history":[{"count":1,"href":"https:\/\/sertv.gob.pa\/nacionalfm\/wp-json\/wp\/v2\/posts\/108589\/revisions"}],"predecessor-version":[{"id":108591,"href":"https:\/\/sertv.gob.pa\/nacionalfm\/wp-json\/wp\/v2\/posts\/108589\/revisions\/108591"}],"wp:featuredmedia":[{"embeddable":true,"href":"https:\/\/sertv.gob.pa\/nacionalfm\/wp-json\/wp\/v2\/media\/108590"}],"wp:attachment":[{"href":"https:\/\/sertv.gob.pa\/nacionalfm\/wp-json\/wp\/v2\/media?parent=108589"}],"wp:term":[{"taxonomy":"category","embeddable":true,"href":"https:\/\/sertv.gob.pa\/nacionalfm\/wp-json\/wp\/v2\/categories?post=108589"},{"taxonomy":"post_tag","embeddable":true,"href":"https:\/\/sertv.gob.pa\/nacionalfm\/wp-json\/wp\/v2\/tags?post=108589"}],"curies":[{"name":"wp","href":"https:\/\/api.w.org\/{rel}","templated":true}]}}