{"id":108592,"date":"2025-06-02T09:52:15","date_gmt":"2025-06-02T14:52:15","guid":{"rendered":"https:\/\/sertv.gob.pa\/nacionalfm\/?p=108592"},"modified":"2025-06-02T09:52:15","modified_gmt":"2025-06-02T14:52:15","slug":"autoridades-de-miambiente-seguiran-inflexibles-con-responsables-por-contaminacion-de-rios-la-villa-y-estivana","status":"publish","type":"post","link":"https:\/\/sertv.gob.pa\/nacionalfm\/autoridades-de-miambiente-seguiran-inflexibles-con-responsables-por-contaminacion-de-rios-la-villa-y-estivana\/","title":{"rendered":"Autoridades de MiAMBIENTE seguir\u00e1n inflexibles, con responsables por contaminaci\u00f3n de r\u00edos La Villa y Estivan\u00e1"},"content":{"rendered":"<div class=\"fusion-fullwidth fullwidth-box fusion-builder-row-1 fusion-flex-container nonhundred-percent-fullwidth non-hundred-percent-height-scrolling\" style=\"--awb-border-radius-top-left:0px;--awb-border-radius-top-right:0px;--awb-border-radius-bottom-right:0px;--awb-border-radius-bottom-left:0px;--awb-flex-wrap:wrap;\" ><div class=\"fusion-builder-row fusion-row fusion-flex-align-items-flex-start fusion-flex-content-wrap\" style=\"max-width:1144px;margin-left: calc(-4% \/ 2 );margin-right: calc(-4% \/ 2 );\"><div class=\"fusion-layout-column fusion_builder_column fusion-builder-column-0 fusion_builder_column_1_1 1_1 fusion-flex-column\" style=\"--awb-bg-size:cover;--awb-width-large:100%;--awb-margin-top-large:0px;--awb-spacing-right-large:1.92%;--awb-margin-bottom-large:0px;--awb-spacing-left-large:1.92%;--awb-width-medium:100%;--awb-spacing-right-medium:1.92%;--awb-spacing-left-medium:1.92%;--awb-width-small:100%;--awb-spacing-right-small:1.92%;--awb-spacing-left-small:1.92%;\"><div class=\"fusion-column-wrapper fusion-flex-justify-content-flex-start fusion-content-layout-column\"><div class=\"fusion-text fusion-text-1\" style=\"--awb-content-alignment:justify;\"><p><em><strong>El ministro de Ambiente de Panam\u00e1, Juan Carlos Navarro se traslad\u00f3 en fecha reciente hacia Chitr\u00e9, acompa\u00f1ado de un equipo t\u00e9cnico de la Direcci\u00f3n de Verificaci\u00f3n del Desempe\u00f1o Ambiental (DIVEDA) del Ministerio de Ambiente (MiAMBIENTE), para atender con urgencia las \u00e1reas afectadas debido a la contaminaci\u00f3n de coliformes y nematodos, que afectan al r\u00edo La Villa y sus afluentes en la regi\u00f3n de Azuero, hecho que ha provocado la paralizaci\u00f3n de las potabilizadoras en La Villa y Chitr\u00e9. Por esto, la entidad, desarroll\u00f3 una serie de acciones t\u00e9cnicas y legales con miras a salvaguardar la calidad de los cuerpos de agua y proteger la salud p\u00fablica<\/strong><\/em>.<\/p>\n<p><strong>\u201cNuestro equipo t\u00e9cnico, ya lleva varios d\u00edas en el \u00e1rea, tomando muestras de agua que han sido analizadas en nuestro laboratorio Los Canelos de Divisa. Estaremos tomando medidas urgentes y estrictas para enfrentar, y resolver de inmediato y a corto plazo, esta crisis sanitaria y ambiental. Como parte de esta diligencia, estuvimos en la Personer\u00eda Municipal de Macaracas, junto al equipo t\u00e9cnico y la Direcci\u00f3n Regional de MiAMBIENTE en Los Santos, para mostrar los informes solicitados, con el objetivo de que se pueda proceder penalmente contra los responsables de la contaminaci\u00f3n del r\u00edo La Villa, el r\u00edo Estiban\u00e1 y sus afluentes\u201d, mencion\u00f3 el ministro de Ambiente.<\/strong><\/p>\n<p><strong>Simult\u00e1neamente\u00a0 a estas diligencias se est\u00e1n realizando inspecciones a actividades econ\u00f3micas ubicadas en las cercan\u00edas del r\u00edo, especialmente granjas porcinas y otras actividades con la finalidad de verificar posibles vertidos inadecuados. La acci\u00f3n forma parte de una investigaci\u00f3n ambiental urgente que permitir\u00e1 establecer medidas correctivas, determinar responsabilidades y prevenir futuras contingencias.<\/strong><\/p>\n<p><strong>Al respecto, Marilyn Garc\u00eda, directora de DIVEDA, explic\u00f3 que, se ha venido abordando de manera rigurosa la situaci\u00f3n de los afluentes contaminados, identificando a los responsables y diferenciando entre quienes cuentan con instrumentos ambientales aprobados y quienes no.<\/strong><\/p>\n<p><strong>\u201cPara las empresas sin instrumentos ambientales, se est\u00e1 procediendo a la verificaci\u00f3n y exigencia de adecuaciones, o a la aplicaci\u00f3n de sanciones cuando corresponda. En el caso de quienes s\u00ed tienen permisos, pero incumplen sus obligaciones, se est\u00e1 evaluando el grado de incumplimiento para aplicar las medidas que contempla la ley, incluyendo la remisi\u00f3n a otras autoridades competentes\u201d, destac\u00f3 Garc\u00eda.<\/strong><\/p>\n<p><strong>En este contexto, MiAMBIENTE, ha instruido el requerimiento formal a empresas presuntamente vinculadas a afectaciones ambientales en la zona, para la presentaci\u00f3n en un plazo de quince (15) d\u00edas h\u00e1biles de los instrumentos de gesti\u00f3n ambiental obligatorios, tales como: la Auditor\u00eda Ambiental y el Programa de Adecuaci\u00f3n y Manejo Ambiental (PAMA). Estas deber\u00e1n implementar, de manera inmediata y efectiva, todas las medidas correctivas, preventivas o de mitigaci\u00f3n derivadas de dichos instrumentos, de conformidad con la normativa vigente.<\/strong><\/p>\n<p><strong>En los casos en que se evidencie la omisi\u00f3n de estos instrumentos y se determine da\u00f1o ambiental significativo, se proceder\u00e1 a la apertura de un expediente administrativo sancionador, y en caso de configurarse posibles il\u00edcitos penales, los expedientes ser\u00e1n remitidos a las autoridades judiciales competentes. Estas acciones, est\u00e1n respaldadas por el marco legal ambiental paname\u00f1o, incluyendo la Ley 41 de 1998, el Decreto Ejecutivo No. 57 de 2004, el Decreto Ejecutivo No. 01 de 2023, la Resoluci\u00f3n No. 58 de 2019 y las disposiciones pertinentes del C\u00f3digo Penal.<\/strong><\/p>\n<p><em><strong>Es importante resaltar que, como parte de esta gira en Azuero, el titular de Ambiente, particip\u00f3 junto a otras autoridades como: Virna Luque, viceministra de la Presidencia; Rutilio Villarreal, director ejecutivo del Instituto de Acueductos y Alcantarillados Nacionales (IDAAN), Malitzie Rivera, subdirectora general del Sistema Nacional de Protecci\u00f3n Civil (SINAPROC) en una conferencia de prensa, donde brind\u00f3 detalles de la inspecci\u00f3n y recolecta de muestras que realiz\u00f3 junto a los t\u00e9cnicos de MiAMBIENTE, as\u00ed como tambi\u00e9n la visita al vertedero a cielo abierto de Macaracas y en varias fincas porcinocultoras, para verificar personalmente en el terreno los resultados de los an\u00e1lisis que se han hecho durante la semana.<\/strong><\/em><\/p>\n<p><strong>Durante su intervenci\u00f3n, el ministro Navarro, se\u00f1al\u00f3 que \u201cvamos a ser inflexibles, por lo que han estado violando las normas sanitarias y poniendo en riesgo la salud de nuestros habitantes. Impondremos las m\u00e1ximas multas que permita la ley a los responsables de la contaminaci\u00f3n del r\u00edo Estivan\u00e1 y del r\u00edo La Villa, quienes adem\u00e1s van a tener que rendir cuentas ante el Ministerio P\u00fablico\u201d.<\/strong><\/p>\n<p><strong>Tambi\u00e9n, Navarro, reiter\u00f3 que, adem\u00e1s de multar a los porcinocultores que operan en la cuenca de los r\u00edos Estivan\u00e1 y La Villa se les ha otorgado un plazo de 48 a 72 horas para que cumplan las normas ambientales. Este proceso, ser\u00e1 estrictamente vigilado y garantizaremos su cumplimiento\u201d.<\/strong><\/p>\n<\/div><\/div><\/div><\/div><\/div>\n","protected":false},"excerpt":{"rendered":"","protected":false},"author":9,"featured_media":108593,"comment_status":"closed","ping_status":"closed","sticky":false,"template":"","format":"standard","meta":{"footnotes":""},"categories":[2],"tags":[],"class_list":["post-108592","post","type-post","status-publish","format-standard","has-post-thumbnail","hentry","category-nacionales"],"_links":{"self":[{"href":"https:\/\/sertv.gob.pa\/nacionalfm\/wp-json\/wp\/v2\/posts\/108592","targetHints":{"allow":["GET"]}}],"collection":[{"href":"https:\/\/sertv.gob.pa\/nacionalfm\/wp-json\/wp\/v2\/posts"}],"about":[{"href":"https:\/\/sertv.gob.pa\/nacionalfm\/wp-json\/wp\/v2\/types\/post"}],"author":[{"embeddable":true,"href":"https:\/\/sertv.gob.pa\/nacionalfm\/wp-json\/wp\/v2\/users\/9"}],"replies":[{"embeddable":true,"href":"https:\/\/sertv.gob.pa\/nacionalfm\/wp-json\/wp\/v2\/comments?post=108592"}],"version-history":[{"count":2,"href":"https:\/\/sertv.gob.pa\/nacionalfm\/wp-json\/wp\/v2\/posts\/108592\/revisions"}],"predecessor-version":[{"id":108595,"href":"https:\/\/sertv.gob.pa\/nacionalfm\/wp-json\/wp\/v2\/posts\/108592\/revisions\/108595"}],"wp:featuredmedia":[{"embeddable":true,"href":"https:\/\/sertv.gob.pa\/nacionalfm\/wp-json\/wp\/v2\/media\/108593"}],"wp:attachment":[{"href":"https:\/\/sertv.gob.pa\/nacionalfm\/wp-json\/wp\/v2\/media?parent=108592"}],"wp:term":[{"taxonomy":"category","embeddable":true,"href":"https:\/\/sertv.gob.pa\/nacionalfm\/wp-json\/wp\/v2\/categories?post=108592"},{"taxonomy":"post_tag","embeddable":true,"href":"https:\/\/sertv.gob.pa\/nacionalfm\/wp-json\/wp\/v2\/tags?post=108592"}],"curies":[{"name":"wp","href":"https:\/\/api.w.org\/{rel}","templated":true}]}}