{"id":108596,"date":"2025-06-02T10:50:23","date_gmt":"2025-06-02T15:50:23","guid":{"rendered":"https:\/\/sertv.gob.pa\/nacionalfm\/?p=108596"},"modified":"2025-06-02T10:50:23","modified_gmt":"2025-06-02T15:50:23","slug":"ministerio-de-salud-mantiene-distribucion-de-agua-en-la-provincia-de-los-santos","status":"publish","type":"post","link":"https:\/\/sertv.gob.pa\/nacionalfm\/ministerio-de-salud-mantiene-distribucion-de-agua-en-la-provincia-de-los-santos\/","title":{"rendered":"Ministerio de Salud mantiene distribuci\u00f3n de agua en la provincia de Los Santos"},"content":{"rendered":"<p><em><strong>Tras la emergencia ocasionada por la contaminaci\u00f3n del r\u00edo La Villa, la cual compromete el trabajo de las plantas potabilizadoras Rufina Alfaro (La Villa, Los Santos) y Roberto Reina (Chitr\u00e9, Herrera), el Ministerio de Salud de Panam\u00e1 (MINSA), puso en marcha un operativo interinstitucional para distribuir agua en la provincia de Los Santos, con el fin de garantizar el acceso de este recurso, en las comunidades con mayor afectaci\u00f3n.<\/strong><\/em><\/p>\n<p><strong>Este operativo, que fue liderizado por el director regional del MINSA en Los Santos, Antonio Gonz\u00e1lez, se dio, para cumplir con las instrucciones del presidente, Jos\u00e9 Ra\u00fal Mulino, obteniendo adem\u00e1s una coordinaci\u00f3n efectiva con diversas instituciones del Estado.<\/strong><\/p>\n<p><strong>Las acciones desarrolladas por el Ministerio de Salud, ha sido la distribuci\u00f3n de agua embotellada en comunidades de los distritos de Los Santos, Guarar\u00e9, Las Tablas y Macaracas; habilitaci\u00f3n de 12 pozos profundos como: fuentes alternas de abastecimiento y verificaci\u00f3n sanitaria de 3 carros cisterna empleados en el transporte del agua.<\/strong><\/p>\n<p><strong>Tambi\u00e9n, se desarrolla un monitoreo constante de la calidad del agua, tanto en pozos como: en la planta Rufina Alfaro; An\u00e1lisis f\u00edsico-qu\u00edmicos y microbiol\u00f3gicos, realizados por el laboratorio regional del MINSA.<\/strong><\/p>\n<p><strong>Hay que enfatizar, que el MINSA, ha coordinado estas tareas con otras entidades estatales, con miras a reforzar la log\u00edstica y atenci\u00f3n en campo.<\/strong><\/p>\n<p><strong>Para esta labor, se ha contado con 250 personas y 64 veh\u00edculos, lo que permite una respuesta efectiva en decenas de comunidades con dificultades para acceder al vital l\u00edquido. Como resultados de todas estas acciones, se han beneficiado unas 97 comunidades, se habilitaron 12 pozos, se ha distribuido 21,470 cajas de agua, botellas de agua individuales se han distribuido unas 515,280 y se han utilizado unos 29 contenedores.<\/strong><\/p>\n<p><strong>Se debe mencionar que, el viernes 30 de mayo, el ministro de Salud, Fernando Boyd Galindo, efectu\u00f3 un recorrido por el distrito de Macaracas y visit\u00f3 tres fincas porcinocultoras, con el objetivo de conocer las pr\u00e1cticas de disposici\u00f3n de desechos org\u00e1nicos, elemento clave en la evaluaci\u00f3n de posibles fuentes de contaminaci\u00f3n.<\/strong><\/p>\n<p><strong>No hay que olvidar, que el Ministerio de Salud, reafirma su compromiso con la salud y el bienestar de la poblaci\u00f3n, y seguir\u00e1 ejecutando acciones sostenidas y coordinadas para asegurar el acceso a agua segura en toda la provincia de Los Santos, mientras se mantenga la actual situaci\u00f3n de emergencia.<\/strong><\/p>\n","protected":false},"excerpt":{"rendered":"<p>Tras la emergencia ocasionada por la contaminaci\u00f3n del r\u00edo La <a href=\"https:\/\/sertv.gob.pa\/nacionalfm\/ministerio-de-salud-mantiene-distribucion-de-agua-en-la-provincia-de-los-santos\/\"> [&#8230;]<\/a><\/p>\n","protected":false},"author":9,"featured_media":108597,"comment_status":"closed","ping_status":"closed","sticky":false,"template":"","format":"standard","meta":{"footnotes":""},"categories":[2],"tags":[],"class_list":["post-108596","post","type-post","status-publish","format-standard","has-post-thumbnail","hentry","category-nacionales"],"_links":{"self":[{"href":"https:\/\/sertv.gob.pa\/nacionalfm\/wp-json\/wp\/v2\/posts\/108596","targetHints":{"allow":["GET"]}}],"collection":[{"href":"https:\/\/sertv.gob.pa\/nacionalfm\/wp-json\/wp\/v2\/posts"}],"about":[{"href":"https:\/\/sertv.gob.pa\/nacionalfm\/wp-json\/wp\/v2\/types\/post"}],"author":[{"embeddable":true,"href":"https:\/\/sertv.gob.pa\/nacionalfm\/wp-json\/wp\/v2\/users\/9"}],"replies":[{"embeddable":true,"href":"https:\/\/sertv.gob.pa\/nacionalfm\/wp-json\/wp\/v2\/comments?post=108596"}],"version-history":[{"count":1,"href":"https:\/\/sertv.gob.pa\/nacionalfm\/wp-json\/wp\/v2\/posts\/108596\/revisions"}],"predecessor-version":[{"id":108598,"href":"https:\/\/sertv.gob.pa\/nacionalfm\/wp-json\/wp\/v2\/posts\/108596\/revisions\/108598"}],"wp:featuredmedia":[{"embeddable":true,"href":"https:\/\/sertv.gob.pa\/nacionalfm\/wp-json\/wp\/v2\/media\/108597"}],"wp:attachment":[{"href":"https:\/\/sertv.gob.pa\/nacionalfm\/wp-json\/wp\/v2\/media?parent=108596"}],"wp:term":[{"taxonomy":"category","embeddable":true,"href":"https:\/\/sertv.gob.pa\/nacionalfm\/wp-json\/wp\/v2\/categories?post=108596"},{"taxonomy":"post_tag","embeddable":true,"href":"https:\/\/sertv.gob.pa\/nacionalfm\/wp-json\/wp\/v2\/tags?post=108596"}],"curies":[{"name":"wp","href":"https:\/\/api.w.org\/{rel}","templated":true}]}}