{"id":108600,"date":"2025-06-02T11:39:34","date_gmt":"2025-06-02T16:39:34","guid":{"rendered":"https:\/\/sertv.gob.pa\/nacionalfm\/?p=108600"},"modified":"2025-06-02T11:39:34","modified_gmt":"2025-06-02T16:39:34","slug":"al-75-se-mantienen-las-potabilizadoras-en-chitre-y-los-santos-indica-el-idaan","status":"publish","type":"post","link":"https:\/\/sertv.gob.pa\/nacionalfm\/al-75-se-mantienen-las-potabilizadoras-en-chitre-y-los-santos-indica-el-idaan\/","title":{"rendered":"Al 75% se mantienen las potabilizadoras en Chitr\u00e9 y Los Santos, indica el IDAAN"},"content":{"rendered":"<p><em><strong>Autoridades del Instituto de Acueductos y Alcantarillados Nacionales de Panam\u00e1 (IDAAN), dieron a conecer que las plantas potabilizadoras Roberto Reyna de Chitr\u00e9 y Rufina Alfaro de Los Santos, se mantienen operando al 75% de su capacidad, como resultado de los an\u00e1lisis de calidad de agua realizados, los cuales confirman que el agua, sigue siendo apta para el consumo humano, pero bajo condiciones controladas.<\/strong><\/em><\/p>\n<p><strong>Sobre el particular, el director ejecutivo del IDAAN, Rutilio Villarreal, explic\u00f3 que, la continuidad de la operaci\u00f3n de las plantas y el porcentaje de capacidad en el que pueden operar dependen de los resultados de los an\u00e1lisis de calidad del agua, los cuales se realizan de manera constante.<\/strong><\/p>\n<p><strong>\u201cLa prioridad es la salud de la poblaci\u00f3n, por encima de la cantidad de agua potable que se produce\u201d, reiter\u00f3 Villarreal, quien se traslad\u00f3 a la regi\u00f3n de Azuero desde el pasado mi\u00e9rcoles 29 de mayo, con el fin de afrontar la situaci\u00f3n y coordinar las medidas de emergencia necesarias.<\/strong><\/p>\n<p><em><strong>Igualmente, el director del IDAAN, asegur\u00f3 que, los especialistas del IDAAN se mantienen monitoreando de manera constante la calidad del agua del r\u00edo La Villa, as\u00ed como todo el proceso de producci\u00f3n de agua potable en las plantas.<\/strong><\/em><\/p>\n<p><strong>De forma paralela, desarrolla un proceso de control y recuperaci\u00f3n del suministro de agua potable para asegurar que esta, llegue a las comunidades de forma equitativa. Adem\u00e1s, el IDAAN, seguir\u00e1 con los operativos de distribuci\u00f3n de agua, mediante carros cisternas, priorizando hospitales, centros m\u00e9dicos y escuelas, as\u00ed como las comunidades m\u00e1s afectadas por la reducci\u00f3n en la capacidad de las plantas.<\/strong><\/p>\n<p><strong>\u201cEstamos en un momento de emergencia, por lo que hacemos un llamado a la poblaci\u00f3n, para que utilice el agua de manera responsable y consciente\u201d, destac\u00f3 Villarreal.<\/strong><\/p>\n<p><strong>Cabe recordar, que el IDAAN, se encuentra en estrecha coordinaci\u00f3n con la Presidencia de la Rep\u00fablica de Panam\u00e1 y con todas las instituciones involucradas, para tomar las medidas necesarias que resuelvan la situaci\u00f3n del r\u00edo La Villa, que est\u00e1 afectando de manera directa, con el suministro de agua potable, en los distritos de Chitr\u00e9 en la provincia de Herrera, y Las Tablas, Guarar\u00e9 y La Villa en Los Santos.<\/strong><\/p>\n<p><em><strong>El IDAAN, continuar\u00e1 en la b\u00fasqueda de soluciones sostenibles, y por esto, llegar\u00e1n a la regi\u00f3n, comisiones de los ministerios de Salud, Ambiente y Desarrollo Agropecuario, quienes se encargar\u00e1n de efectuar nuevas evaluaciones y tomar acciones permitidas por la Ley.<\/strong><\/em><\/p>\n<p><strong>Sobre este suceso, el presidente de la Rep\u00fablica, Jos\u00e9 Ra\u00fal Mulino, ha resaltado la prioridad que es para \u00e9l, que esto se resuelva, prontamente, y su instrucci\u00f3n de aplicar la ley, a quienes resulten responsables por la contaminaci\u00f3n.<\/strong><\/p>\n<p><strong>Adicional, la ACODECO, arranca este lunes, las inspecciones en Herrera y Los Santos, especial en Chitr\u00e9 y Las Tablas ante las especulaciones que han reportado y se reitera que, est\u00e1 terminantemente prohibida la venta de productos vencidos, deteriorados o que representen un riesgo para la salud de los consumidores.<\/strong><\/p>\n<p><em><strong>El IDAAN, recuerda a la poblaci\u00f3n que, para obtener reportes relacionados con el servicio pueden comunicarse al n\u00famero 311. Adem\u00e1s, se pone a disposici\u00f3n el enlace arcg.is\/CiiOX0 y las redes sociales oficiales en X (@idaaninforma) e Instagram (@idaanpanama) para consultar en tiempo real el estado del suministro de agua en cada comunidad.<\/strong><\/em><\/p>\n","protected":false},"excerpt":{"rendered":"<p>Autoridades del Instituto de Acueductos y Alcantarillados Nacionales de Panam\u00e1 <a href=\"https:\/\/sertv.gob.pa\/nacionalfm\/al-75-se-mantienen-las-potabilizadoras-en-chitre-y-los-santos-indica-el-idaan\/\"> [&#8230;]<\/a><\/p>\n","protected":false},"author":9,"featured_media":108601,"comment_status":"closed","ping_status":"closed","sticky":false,"template":"","format":"standard","meta":{"footnotes":""},"categories":[2],"tags":[],"class_list":["post-108600","post","type-post","status-publish","format-standard","has-post-thumbnail","hentry","category-nacionales"],"_links":{"self":[{"href":"https:\/\/sertv.gob.pa\/nacionalfm\/wp-json\/wp\/v2\/posts\/108600","targetHints":{"allow":["GET"]}}],"collection":[{"href":"https:\/\/sertv.gob.pa\/nacionalfm\/wp-json\/wp\/v2\/posts"}],"about":[{"href":"https:\/\/sertv.gob.pa\/nacionalfm\/wp-json\/wp\/v2\/types\/post"}],"author":[{"embeddable":true,"href":"https:\/\/sertv.gob.pa\/nacionalfm\/wp-json\/wp\/v2\/users\/9"}],"replies":[{"embeddable":true,"href":"https:\/\/sertv.gob.pa\/nacionalfm\/wp-json\/wp\/v2\/comments?post=108600"}],"version-history":[{"count":1,"href":"https:\/\/sertv.gob.pa\/nacionalfm\/wp-json\/wp\/v2\/posts\/108600\/revisions"}],"predecessor-version":[{"id":108602,"href":"https:\/\/sertv.gob.pa\/nacionalfm\/wp-json\/wp\/v2\/posts\/108600\/revisions\/108602"}],"wp:featuredmedia":[{"embeddable":true,"href":"https:\/\/sertv.gob.pa\/nacionalfm\/wp-json\/wp\/v2\/media\/108601"}],"wp:attachment":[{"href":"https:\/\/sertv.gob.pa\/nacionalfm\/wp-json\/wp\/v2\/media?parent=108600"}],"wp:term":[{"taxonomy":"category","embeddable":true,"href":"https:\/\/sertv.gob.pa\/nacionalfm\/wp-json\/wp\/v2\/categories?post=108600"},{"taxonomy":"post_tag","embeddable":true,"href":"https:\/\/sertv.gob.pa\/nacionalfm\/wp-json\/wp\/v2\/tags?post=108600"}],"curies":[{"name":"wp","href":"https:\/\/api.w.org\/{rel}","templated":true}]}}