{"id":108603,"date":"2025-06-02T11:59:32","date_gmt":"2025-06-02T16:59:32","guid":{"rendered":"https:\/\/sertv.gob.pa\/nacionalfm\/?p=108603"},"modified":"2025-06-02T11:59:32","modified_gmt":"2025-06-02T16:59:32","slug":"comunidad-de-caimitillo-recibe-visita-del-minsa","status":"publish","type":"post","link":"https:\/\/sertv.gob.pa\/nacionalfm\/comunidad-de-caimitillo-recibe-visita-del-minsa\/","title":{"rendered":"Comunidad de Caimitillo, recibe visita del MINSA"},"content":{"rendered":"<p><em><strong>Recientemente, el Ministerio de Salud por medio del equipo de Salud de Caimito en la regi\u00f3n de Cocl\u00e9, llev\u00f3 a cabo una gira de atenci\u00f3n integral en la comunidad de Caimito, en el \u00e1rea norte del distrito de Penonom\u00e9.<\/strong><\/em><\/p>\n<p><strong>En el desarrollo de esta jornada pudieron beneficiarse 200 personas, las cuales se les ofreci\u00f3 servicios de forma gratuita tales como: medicina general, odontolog\u00eda, orientaci\u00f3n nutricional, salud bucal, promoci\u00f3n, toma de presi\u00f3n arterial y colocaci\u00f3n de implantes subd\u00e9rmicos.<\/strong><\/p>\n","protected":false},"excerpt":{"rendered":"<p>Recientemente, el Ministerio de Salud por medio del equipo de <a href=\"https:\/\/sertv.gob.pa\/nacionalfm\/comunidad-de-caimitillo-recibe-visita-del-minsa\/\"> [&#8230;]<\/a><\/p>\n","protected":false},"author":9,"featured_media":108604,"comment_status":"closed","ping_status":"closed","sticky":false,"template":"","format":"standard","meta":{"footnotes":""},"categories":[5],"tags":[],"class_list":["post-108603","post","type-post","status-publish","format-standard","has-post-thumbnail","hentry","category-salud"],"_links":{"self":[{"href":"https:\/\/sertv.gob.pa\/nacionalfm\/wp-json\/wp\/v2\/posts\/108603","targetHints":{"allow":["GET"]}}],"collection":[{"href":"https:\/\/sertv.gob.pa\/nacionalfm\/wp-json\/wp\/v2\/posts"}],"about":[{"href":"https:\/\/sertv.gob.pa\/nacionalfm\/wp-json\/wp\/v2\/types\/post"}],"author":[{"embeddable":true,"href":"https:\/\/sertv.gob.pa\/nacionalfm\/wp-json\/wp\/v2\/users\/9"}],"replies":[{"embeddable":true,"href":"https:\/\/sertv.gob.pa\/nacionalfm\/wp-json\/wp\/v2\/comments?post=108603"}],"version-history":[{"count":1,"href":"https:\/\/sertv.gob.pa\/nacionalfm\/wp-json\/wp\/v2\/posts\/108603\/revisions"}],"predecessor-version":[{"id":108605,"href":"https:\/\/sertv.gob.pa\/nacionalfm\/wp-json\/wp\/v2\/posts\/108603\/revisions\/108605"}],"wp:featuredmedia":[{"embeddable":true,"href":"https:\/\/sertv.gob.pa\/nacionalfm\/wp-json\/wp\/v2\/media\/108604"}],"wp:attachment":[{"href":"https:\/\/sertv.gob.pa\/nacionalfm\/wp-json\/wp\/v2\/media?parent=108603"}],"wp:term":[{"taxonomy":"category","embeddable":true,"href":"https:\/\/sertv.gob.pa\/nacionalfm\/wp-json\/wp\/v2\/categories?post=108603"},{"taxonomy":"post_tag","embeddable":true,"href":"https:\/\/sertv.gob.pa\/nacionalfm\/wp-json\/wp\/v2\/tags?post=108603"}],"curies":[{"name":"wp","href":"https:\/\/api.w.org\/{rel}","templated":true}]}}