{"id":108606,"date":"2025-06-02T12:41:48","date_gmt":"2025-06-02T17:41:48","guid":{"rendered":"https:\/\/sertv.gob.pa\/nacionalfm\/?p=108606"},"modified":"2025-06-02T12:41:48","modified_gmt":"2025-06-02T17:41:48","slug":"integrantes-de-la-jaar-y-lideres-comunitarios-reciben-jornada-de-capacitacion-integral-del-minsa","status":"publish","type":"post","link":"https:\/\/sertv.gob.pa\/nacionalfm\/integrantes-de-la-jaar-y-lideres-comunitarios-reciben-jornada-de-capacitacion-integral-del-minsa\/","title":{"rendered":"Integrantes de la JAAR y l\u00edderes comunitarios, reciben jornada de capacitaci\u00f3n integral del MINSA"},"content":{"rendered":"<p><em><strong>Representantes del Ministerio de Salud (MINSA), ofrecieron, una jornada de capacitaci\u00f3n sobre diferentes temas de salud y de administraci\u00f3n de los acueductos rurales, a los encargados de estos sistemas de abastecimiento de agua potable y l\u00edderes comunitarios.<\/strong><\/em><\/p>\n<p><strong>Esta jornada educativa, comenz\u00f3 con las palabras de apertura de Nancy Torres, directora regional MINSA en Col\u00f3n, en la que inst\u00f3 a los asistentes, a continuar ese esfuerzo en mantener los acueductos en las comunidades para beneficio de la poblaci\u00f3n.<\/strong><\/p>\n<p><strong>Del mismo modo, destac\u00f3 la importancia de la participaci\u00f3n de la comunidad en la promoci\u00f3n de la Salud.<\/strong><\/p>\n<p><strong>Para este evento, se trataron temas como los estilos de vida saludables y su relaci\u00f3n con el control de la obesidad e hipertensi\u00f3n arterial, nutrici\u00f3n saludable.<\/strong><\/p>\n<p><strong>Otros beneficios que se ofreci\u00f3 a los participantes, fue la evaluaci\u00f3n del \u00edndice de masa corporal y la atenci\u00f3n personalizada sobre su condici\u00f3n de obesidad, haciendo \u00e9nfasis en la importancia del autocuidado de la salud, su relaci\u00f3n con la prevenci\u00f3n y control de la obesidad e hipertensi\u00f3n arterial.<\/strong><\/p>\n<p><strong>Adem\u00e1s, se hizo el se\u00f1alamiento de la iniciativa de las autoridades de salud, para enfrentar las Enfermedades No Transmisibles (ENT) \/RISA\/PADO.<\/strong><\/p>\n<p><strong>Otros ejes que formaron parte del evento fueron el rol de la comunidad contra el dengue, prevenci\u00f3n de tabaquismo (en honor 31 de mayo \u00abD\u00eda Mundial sin Tabaco).<\/strong><\/p>\n<p><strong>Durante esta intervenci\u00f3n, participaron funcionarios de la Coordinaci\u00f3n de enfermedades no transmisibles, medicina general, nutrici\u00f3n, Saneamiento Ambiental y Calidad de agua del MINSA.<\/strong><\/p>\n<p>&nbsp;<\/p>\n","protected":false},"excerpt":{"rendered":"<p>Representantes del Ministerio de Salud (MINSA), ofrecieron, una jornada de <a href=\"https:\/\/sertv.gob.pa\/nacionalfm\/integrantes-de-la-jaar-y-lideres-comunitarios-reciben-jornada-de-capacitacion-integral-del-minsa\/\"> [&#8230;]<\/a><\/p>\n","protected":false},"author":9,"featured_media":108607,"comment_status":"closed","ping_status":"closed","sticky":false,"template":"","format":"standard","meta":{"footnotes":""},"categories":[5],"tags":[],"class_list":["post-108606","post","type-post","status-publish","format-standard","has-post-thumbnail","hentry","category-salud"],"_links":{"self":[{"href":"https:\/\/sertv.gob.pa\/nacionalfm\/wp-json\/wp\/v2\/posts\/108606","targetHints":{"allow":["GET"]}}],"collection":[{"href":"https:\/\/sertv.gob.pa\/nacionalfm\/wp-json\/wp\/v2\/posts"}],"about":[{"href":"https:\/\/sertv.gob.pa\/nacionalfm\/wp-json\/wp\/v2\/types\/post"}],"author":[{"embeddable":true,"href":"https:\/\/sertv.gob.pa\/nacionalfm\/wp-json\/wp\/v2\/users\/9"}],"replies":[{"embeddable":true,"href":"https:\/\/sertv.gob.pa\/nacionalfm\/wp-json\/wp\/v2\/comments?post=108606"}],"version-history":[{"count":1,"href":"https:\/\/sertv.gob.pa\/nacionalfm\/wp-json\/wp\/v2\/posts\/108606\/revisions"}],"predecessor-version":[{"id":108608,"href":"https:\/\/sertv.gob.pa\/nacionalfm\/wp-json\/wp\/v2\/posts\/108606\/revisions\/108608"}],"wp:featuredmedia":[{"embeddable":true,"href":"https:\/\/sertv.gob.pa\/nacionalfm\/wp-json\/wp\/v2\/media\/108607"}],"wp:attachment":[{"href":"https:\/\/sertv.gob.pa\/nacionalfm\/wp-json\/wp\/v2\/media?parent=108606"}],"wp:term":[{"taxonomy":"category","embeddable":true,"href":"https:\/\/sertv.gob.pa\/nacionalfm\/wp-json\/wp\/v2\/categories?post=108606"},{"taxonomy":"post_tag","embeddable":true,"href":"https:\/\/sertv.gob.pa\/nacionalfm\/wp-json\/wp\/v2\/tags?post=108606"}],"curies":[{"name":"wp","href":"https:\/\/api.w.org\/{rel}","templated":true}]}}