{"id":108617,"date":"2025-06-02T14:33:42","date_gmt":"2025-06-02T19:33:42","guid":{"rendered":"https:\/\/sertv.gob.pa\/nacionalfm\/?p=108617"},"modified":"2025-06-02T14:38:07","modified_gmt":"2025-06-02T19:38:07","slug":"comision-de-alto-nivel-prosigue-dialogo-con-sectores-productivos-en-bocas-del-toro","status":"publish","type":"post","link":"https:\/\/sertv.gob.pa\/nacionalfm\/comision-de-alto-nivel-prosigue-dialogo-con-sectores-productivos-en-bocas-del-toro\/","title":{"rendered":"Comisi\u00f3n de Alto Nivel, prosigue di\u00e1logo con sectores productivos en Bocas del Toro"},"content":{"rendered":"<p><em><strong>Para seguir las instrucciones del presidente de la Rep\u00fablica de Panam\u00e1, Jos\u00e9 Ra\u00fal Mulino, las autoridades que conforman la Comisi\u00f3n de Alto Nivel para atender a Bocas del Toro, arribaron esta ma\u00f1ana a Changuinola, en donde se reunieron con diferentes l\u00edderes de los sectores productivos de la provincia.<\/strong><\/em><\/p>\n<p><strong>Durante el encuentro, los miembros de la comisi\u00f3n, se comprometieron a presentar un plan de acci\u00f3n a fin de ayudar a los bocatore\u00f1os en los sectores de salud p\u00fablica, turismo, comercio, agropecuario y educaci\u00f3n.<\/strong><\/p>\n<p><strong>Para esta gesti\u00f3n, el equipo estuvo conformado por: los ministros de la Presidencia, Juan Carlos Orillac; de Trabajo y Desarrollo Laboral, Jackeline Mu\u00f1oz; de Comercio e Industrias, Julio Molt\u00f3; de Salud, Fernando Boyd Galindo; de Desarrollo Agropecuario, Roberto Linares; la administradora de Turismo, Gloria de Le\u00f3n, y el viceministro de Seguridad, Luis Felipe Icaza.<\/strong><\/p>\n<p><strong>Mientras que, los sectores productivos de Bocas, estuvieron representados por: comerciantes, miembros de la Federaci\u00f3n de Boteros, productores de banano independientes, miembros de la cooperativa de transporte de la provincia y empresarios de diversas actividades.<\/strong><\/p>\n<p><strong>El ministro Orillac, enfatiz\u00f3 en que, la mayor\u00eda de los bocatore\u00f1os quieren echar para adelante y est\u00e1n en desacuerdo con los cierres de v\u00edas de parte de trabajadores bananeros que han sido enga\u00f1ados por l\u00edderes intransigentes y por grupos de inter\u00e9s en Bocas del Toro que quieren mantener el \u201cstatu quo\u201d, difundiendo mentiras sobre la nueva Ley 462 del Seguro Social.<\/strong><\/p>\n<p><strong>\u201cVenimos a traerles buenas noticias y escuchar las preocupaciones de los productores\u201d, destac\u00f3 Orillac. \u201cNo estamos aqu\u00ed \u00fanicamente por un tema coyuntural de los trabajadores de un sindicato que, por la intransigencia, nos ha llevado a esta situaci\u00f3n\u201d, a\u00f1adi\u00f3.<\/strong><\/p>\n<p><strong>\u201cSe les ha venido mintiendo a muchos de ellos, y los han venido enga\u00f1ando y utilizando para estos cierres. Hay que hacer un llamado a la conciencia; no se est\u00e1 haciendo da\u00f1o solo a ellos, se le est\u00e1 haciendo da\u00f1o a toda la poblaci\u00f3n bocatore\u00f1a que tiene ganas de echar para adelante y trabajar por este pa\u00eds\u201d, reiter\u00f3 Orillac.<\/strong><\/p>\n<p><strong>Por otro lado, la ministra Mu\u00f1oz, advirti\u00f3 que, ya ha sido confirmado en segunda instancia, que la huelga de los trabajadores bananeros es ilegal, y que la empresa Chiquita, que administraba la operaci\u00f3n en Bocas del Toro, les ha confirmado su salida total de Panam\u00e1, por culpa de estas medidas de hecho.<\/strong><\/p>\n<p><strong>\u201cLa parte administrativa de la empresa, ya no se encuentra en Panam\u00e1, ya han desvinculado a 60 personas de la parte administrativa\u201d, lament\u00f3 Mu\u00f1oz. \u201cY nos han comunicado que esta semana, estar\u00e1n presentando la autorizaci\u00f3n de despidos del resto del personal que quedaba\u201d.<\/strong><\/p>\n<p><strong>Mu\u00f1oz, record\u00f3 que, el presidente Mulino, se ha enfocado en mejorar los servicios de salud y las posibilidades de empleo en Bocas del Toro.<\/strong><\/p>\n<p><strong>\u201cEsto no le ha ca\u00eddo bien a los actores hist\u00f3ricos que quieren hacer que la provincia no avance. Un solo sector, no es el que va a paralizar la provincia. Los bocatore\u00f1os son m\u00e1s y aqu\u00ed reafirmamos nuestro compromiso de servirle a Bocas\u201d, recalc\u00f3.<\/strong><\/p>\n","protected":false},"excerpt":{"rendered":"<p>Para seguir las instrucciones del presidente de la Rep\u00fablica de <a href=\"https:\/\/sertv.gob.pa\/nacionalfm\/comision-de-alto-nivel-prosigue-dialogo-con-sectores-productivos-en-bocas-del-toro\/\"> [&#8230;]<\/a><\/p>\n","protected":false},"author":9,"featured_media":108619,"comment_status":"closed","ping_status":"closed","sticky":false,"template":"","format":"standard","meta":{"footnotes":""},"categories":[2],"tags":[],"class_list":["post-108617","post","type-post","status-publish","format-standard","has-post-thumbnail","hentry","category-nacionales"],"_links":{"self":[{"href":"https:\/\/sertv.gob.pa\/nacionalfm\/wp-json\/wp\/v2\/posts\/108617","targetHints":{"allow":["GET"]}}],"collection":[{"href":"https:\/\/sertv.gob.pa\/nacionalfm\/wp-json\/wp\/v2\/posts"}],"about":[{"href":"https:\/\/sertv.gob.pa\/nacionalfm\/wp-json\/wp\/v2\/types\/post"}],"author":[{"embeddable":true,"href":"https:\/\/sertv.gob.pa\/nacionalfm\/wp-json\/wp\/v2\/users\/9"}],"replies":[{"embeddable":true,"href":"https:\/\/sertv.gob.pa\/nacionalfm\/wp-json\/wp\/v2\/comments?post=108617"}],"version-history":[{"count":1,"href":"https:\/\/sertv.gob.pa\/nacionalfm\/wp-json\/wp\/v2\/posts\/108617\/revisions"}],"predecessor-version":[{"id":108620,"href":"https:\/\/sertv.gob.pa\/nacionalfm\/wp-json\/wp\/v2\/posts\/108617\/revisions\/108620"}],"wp:featuredmedia":[{"embeddable":true,"href":"https:\/\/sertv.gob.pa\/nacionalfm\/wp-json\/wp\/v2\/media\/108619"}],"wp:attachment":[{"href":"https:\/\/sertv.gob.pa\/nacionalfm\/wp-json\/wp\/v2\/media?parent=108617"}],"wp:term":[{"taxonomy":"category","embeddable":true,"href":"https:\/\/sertv.gob.pa\/nacionalfm\/wp-json\/wp\/v2\/categories?post=108617"},{"taxonomy":"post_tag","embeddable":true,"href":"https:\/\/sertv.gob.pa\/nacionalfm\/wp-json\/wp\/v2\/tags?post=108617"}],"curies":[{"name":"wp","href":"https:\/\/api.w.org\/{rel}","templated":true}]}}