{"id":10862,"date":"2016-02-24T15:26:17","date_gmt":"2016-02-24T15:26:17","guid":{"rendered":""},"modified":"2016-02-24T15:26:17","modified_gmt":"2016-02-24T15:26:17","slug":"hospital-de-especialidades-pediatricas-requiere-donantes-de-sangre","status":"publish","type":"post","link":"https:\/\/sertv.gob.pa\/nacionalfm\/hospital-de-especialidades-pediatricas-requiere-donantes-de-sangre\/","title":{"rendered":"Hospital de Especialidades Pedi\u00e1tricas requiere donantes de sangre"},"content":{"rendered":"<p>\nCon el objetivo de afrontar la demanda de unidades sangu\u00edneas que llegar\u00e1 a necesitar ma\u00f1ana la pr\u00f3xima Jornada Cardiovascular, a efectuarse a partir de este jueves 25 de febrero al 4 de marzo, el Banco de Sangre del Hospital de Especialidades Pedi\u00e1tricas (HEP), hace un llamado especial a toda la poblaci\u00f3n a que se acerque y realice sus donaciones sangu\u00edneas, donde los peque\u00f1os pacientes estar\u00e1n agradecidos por tan especial regalo de vida. <\/p>\n<p>Al respecto, la Lcda. Martha Rodr\u00edguez, jefa t\u00e9cnica del Banco de Sangre del HEP, comunic\u00f3 que el s\u00e1bado 27 y domingo 28 de febrero se habilitar\u00e1 un horario especial de 7:00 a.m., a 2:00 p.m. para que las personas puedan acercarse a donar. Igualmente, en el horario regular de atenci\u00f3n, de 7:00 a.m. a 2:00 p.m., de lunes a viernes, donde la atenci\u00f3n es inmediata. <\/p>\n<p>Es importante que la poblaci\u00f3n conozca los diversos usos que se dan a una unidad sangu\u00ednea, la cual est\u00e1 compuesta por muchos elementos y tiene diversos prop\u00f3sitos para los peque\u00f1os pacientes, detallados a continuaci\u00f3n: <\/p>\n<p>&bull; Los gl\u00f3bulos rojos llevan el ox\u00edgeno a los tejidos corporales y recogen el di\u00f3xido de carbono. Los gl\u00f3bulos rojos componen entre el 40% y el 45% por ciento de la sangre de una persona y viven 120 d\u00edas. <\/p>\n<p>&bull; Los gl\u00f3bulos blancos forman parte del sistema inmunitario y son la principal defensa contra las infecciones. Los gl\u00f3bulos blancos componen menos del 1% de la sangre de una persona. <\/p>\n<p>&bull; Las plaquetas son fragmentos celulares que contribuyen al proceso de coagulaci\u00f3n, ayudando a prevenir y controlar las hemorragias. Componen aproximadamente el 5% de la sangre. <\/p>\n<p>&bull; El plasma es una mezcla l\u00edquida de color amarillo p\u00e1lido compuesta por agua, prote\u00ednas, electr\u00f3litos, hidratos de carbono, colesterol, hormonas y vitaminas. Aproximadamente el 55% de la sangre es plasma. <\/p>\n","protected":false},"excerpt":{"rendered":"<p>Con el objetivo de afrontar la demanda de unidades sangu\u00edneas <a href=\"https:\/\/sertv.gob.pa\/nacionalfm\/hospital-de-especialidades-pediatricas-requiere-donantes-de-sangre\/\"> [&#8230;]<\/a><\/p>\n","protected":false},"author":1,"featured_media":10863,"comment_status":"closed","ping_status":"closed","sticky":false,"template":"","format":"standard","meta":{"footnotes":""},"categories":[5],"tags":[],"class_list":["post-10862","post","type-post","status-publish","format-standard","has-post-thumbnail","hentry","category-salud"],"_links":{"self":[{"href":"https:\/\/sertv.gob.pa\/nacionalfm\/wp-json\/wp\/v2\/posts\/10862","targetHints":{"allow":["GET"]}}],"collection":[{"href":"https:\/\/sertv.gob.pa\/nacionalfm\/wp-json\/wp\/v2\/posts"}],"about":[{"href":"https:\/\/sertv.gob.pa\/nacionalfm\/wp-json\/wp\/v2\/types\/post"}],"author":[{"embeddable":true,"href":"https:\/\/sertv.gob.pa\/nacionalfm\/wp-json\/wp\/v2\/users\/1"}],"replies":[{"embeddable":true,"href":"https:\/\/sertv.gob.pa\/nacionalfm\/wp-json\/wp\/v2\/comments?post=10862"}],"version-history":[{"count":0,"href":"https:\/\/sertv.gob.pa\/nacionalfm\/wp-json\/wp\/v2\/posts\/10862\/revisions"}],"wp:featuredmedia":[{"embeddable":true,"href":"https:\/\/sertv.gob.pa\/nacionalfm\/wp-json\/wp\/v2\/media\/10863"}],"wp:attachment":[{"href":"https:\/\/sertv.gob.pa\/nacionalfm\/wp-json\/wp\/v2\/media?parent=10862"}],"wp:term":[{"taxonomy":"category","embeddable":true,"href":"https:\/\/sertv.gob.pa\/nacionalfm\/wp-json\/wp\/v2\/categories?post=10862"},{"taxonomy":"post_tag","embeddable":true,"href":"https:\/\/sertv.gob.pa\/nacionalfm\/wp-json\/wp\/v2\/tags?post=10862"}],"curies":[{"name":"wp","href":"https:\/\/api.w.org\/{rel}","templated":true}]}}