{"id":108622,"date":"2025-06-03T08:24:05","date_gmt":"2025-06-03T13:24:05","guid":{"rendered":"https:\/\/sertv.gob.pa\/nacionalfm\/?p=108622"},"modified":"2025-06-03T08:24:05","modified_gmt":"2025-06-03T13:24:05","slug":"sectores-productivos-de-bocas-del-toro-manifiestan-estar-al-borde-del-colapso-ante-huelga-de-sitraibana-y-solicitan-abrir-de-forma-urgente-las-calles","status":"publish","type":"post","link":"https:\/\/sertv.gob.pa\/nacionalfm\/sectores-productivos-de-bocas-del-toro-manifiestan-estar-al-borde-del-colapso-ante-huelga-de-sitraibana-y-solicitan-abrir-de-forma-urgente-las-calles\/","title":{"rendered":"Sectores productivos de Bocas del Toro, manifiestan estar al borde del colapso ante huelga de SITRAIBANA y solicitan abrir de forma urgente las calles"},"content":{"rendered":"<div class=\"fusion-fullwidth fullwidth-box fusion-builder-row-1 fusion-flex-container nonhundred-percent-fullwidth non-hundred-percent-height-scrolling\" style=\"--awb-border-radius-top-left:0px;--awb-border-radius-top-right:0px;--awb-border-radius-bottom-right:0px;--awb-border-radius-bottom-left:0px;--awb-flex-wrap:wrap;\" ><div class=\"fusion-builder-row fusion-row fusion-flex-align-items-flex-start fusion-flex-content-wrap\" style=\"max-width:1144px;margin-left: calc(-4% \/ 2 );margin-right: calc(-4% \/ 2 );\"><div class=\"fusion-layout-column fusion_builder_column fusion-builder-column-0 fusion_builder_column_1_1 1_1 fusion-flex-column\" style=\"--awb-bg-size:cover;--awb-width-large:100%;--awb-margin-top-large:0px;--awb-spacing-right-large:1.92%;--awb-margin-bottom-large:0px;--awb-spacing-left-large:1.92%;--awb-width-medium:100%;--awb-spacing-right-medium:1.92%;--awb-spacing-left-medium:1.92%;--awb-width-small:100%;--awb-spacing-right-small:1.92%;--awb-spacing-left-small:1.92%;\"><div class=\"fusion-column-wrapper fusion-flex-justify-content-flex-start fusion-content-layout-column\"><div class=\"fusion-text fusion-text-1\" style=\"--awb-content-alignment:justify;\"><p><strong>-Comisi\u00f3n de Alto Nivel escucha a productores y empresarios de la provincia-<\/strong><\/p>\n<p><strong>La Comisi\u00f3n de Alto Nivel del Ejecutivo, la cual encabeza el ministro de la Presidencia de Panam\u00e1, Juan Carlos Orillac, se reuni\u00f3 este lunes, 2 de junio, en Changuinola, Bocas del Toro, con los sectores productivos y empresarios de la provincia, quienes exigen la finalizaci\u00f3n de los cierres de calles, indicando que, la econom\u00eda de esta regi\u00f3n, no est\u00e1 representada \u00fanicamente por la actividad de una empresa exportadora de banano.<\/strong><\/p>\n<p><strong>All\u00ed, todos los participantes, pidieron al gobierno la urgente apertura de las carreteras y la aplicaci\u00f3n de las leyes, y califican la situaci\u00f3n que enfrenta la provincia, como un estado de anarqu\u00eda que est\u00e1 ahuyentando todas las inversiones. Aseguran adem\u00e1s, que detr\u00e1s de los movimientos de huelga, hay sectores que est\u00e1n financiando los cierres con intereses que solo afectan la provincia de Bocas del Toro.<\/strong><\/p>\n<p><strong>La comisi\u00f3n de Alto Nivel del Ejecutivo, la integran la ministra de Trabajo, Jackeline Mu\u00f1oz; el ministro de Comercio e Industrias, Julio Molt\u00f3; el ministro de Salud, Fernando Boyd; la directora de la Autoridad de Turismo de Panam\u00e1, Gloria de Le\u00f3n; y el viceministro de Seguridad, Luis Felipe Icaza.<\/strong><\/p>\n<p><strong>Solo en Isla Col\u00f3n, est\u00e1n en peligro unas 5 mil plazas de trabajo, igual que los empleos que se perdieron en la empresa Chiquita, advirti\u00f3 el presidente de la C\u00e1mara de Comercio en la isla, Manuel Sanjur, quien critic\u00f3 los cierres y se\u00f1al\u00f3 que, se trata de grupos intransigentes que est\u00e1n siendo financiados.<\/strong><\/p>\n<p><strong>La Cooperativa COOBANA, la \u00fanica empresa exportadora de banano que existe en el pa\u00eds, despu\u00e9s del cierre de Chiquita, tambi\u00e9n alert\u00f3 de su cierre si contin\u00faan trancadas las carreteras en la provincia, lo cual pone en peligro, otros 600 puestos de trabajo directos.<\/strong><\/p>\n<p><strong>Al respecto, Jos\u00e9 De La Lastra, gerente de COOBANA, indic\u00f3 que, las p\u00e9rdidas de esta cooperativa, ya exceden los 1.2 millones de balboas, y se han dejado de exportar 45 mil cajas de banano por cada semana de huelga.<\/strong><\/p>\n<p><strong>\u201cYa los transportistas, no quieren entrar a la provincia; los clientes nos han cancelado pedidos, dos transnacionales que nos compran nos dicen que hasta cu\u00e1ndo van a tener que esperar. No es f\u00e1cil decirles a todos estos trabajadores, la peor noticia del cierre de la cooperativa. Hemos tratado de que laboremos todos los d\u00edas con muchos de ellos\u201d, dijo De La Lastra.<\/strong><\/p>\n<p><strong>Por su parte, Jos\u00e9 Gonz\u00e1lez, de COOPROBOC, RL, inform\u00f3 que, esta cooperativa productora de pl\u00e1tanos, tiene p\u00e9rdidas por 50 mil d\u00f3lares cada semana de cierre, y alerta de que est\u00e1n quedando mal con los pedidos de una cadena de supermercados en Panam\u00e1. La cooperativa tiene unos 32 socios y 200 trabajadores afectados por una huelga que es ajena a su actividad.<\/strong><\/p>\n<p><strong>\u201cEn Bocas del Toro, todo no es Chiquita. Nosotros generamos m\u00e1s impuestos que Chiquita. En la provincia hay 160 mil habitantes y Chiquita, solo tiene 5 mil trabajadores\u201d, aleg\u00f3 Adonay Quezada, otro representante de COOPROBOC.<\/strong><\/p>\n<p><strong>Laura Ram\u00edrez, de la Cooperativa de Pl\u00e1tano y Cacao de Guabito, dijo que, en este momento hay m\u00e1s de 5 mil hect\u00e1reas de cacao afectadas por los cierres de calles que ocasiona el SITRAIBANA.<\/strong><\/p>\n<p><strong>A\u00f1adi\u00f3 que, actualmente el cacao tiene un alto valor en el mercado internacional, pero necesitan sacar el producto a los mercados lo m\u00e1s pronto posible para evitar fuertes p\u00e9rdidas en este sector y la p\u00e9rdida de las plazas de trabajo que generan. Cada hect\u00e1rea cultivada de cacao, representa entre 4 a 5 trabajadores, precis\u00f3.<\/strong><\/p>\n<p><strong>\u201cEstamos perdiendo todo, gastamos nuestro tiempo, gastos de planilla, y esperamos que el producto creciera. Los cierres son un c\u00e1ncer para esta provincia\u201d, puntualiz\u00f3 Ram\u00edrez.<\/strong><\/p>\n<p><strong>Mientras tanto, el ministro Julio Molt\u00f3, inform\u00f3 que, el Gobierno est\u00e1 trabajando en un proyecto para crear en Bocas del Toro, un centro agroindustrial mediante un movimiento cooperativo y comunitario.<\/strong><\/p>\n<p><strong>Eduardo Lewis, representante de la cooperativa de transportistas de Bocas del Toro, tambi\u00e9n advirti\u00f3, que este sector no aguanta una semana m\u00e1s de cierres de calles.<\/strong><\/p>\n<p><strong>\u201cNos est\u00e1n obligando a una huelga de manos ca\u00eddas, y no es que esto sea apoyar la huelga. Tenemos que buscarle la soluci\u00f3n al problema, estamos desapareciendo por el peque\u00f1o grupito. Llevamos 40 d\u00edas en esto, nosotros no fuimos tomados en cuenta. Ya no aguantamos esta situaci\u00f3n, \u00bfqui\u00e9n aguanta una planilla con 40 d\u00edas de paro? Yo estoy perdiendo y la provincia est\u00e1 camino a la quiebra\u201d, lament\u00f3 Lewis.<\/strong><\/p>\n<p><strong>Fidelina Polanco, educadora y miembro del Comit\u00e9 de Salud, y un grupo de mujeres productoras de bioinsumos en el sector de California, tambi\u00e9n cuestionaron los cierres de calles y enumeraron algunas necesidades que tiene esta comunidad en temas de agua potable y atenci\u00f3n m\u00e9dica.<\/strong><\/p>\n<p><strong>Abdiel Santiago, de la asociaci\u00f3n de productores agr\u00edcolas, asever\u00f3 que, esta huelga ha representado, solo en las fincas que producen para Chiquita, p\u00e9rdidas por m\u00e1s de 1,500 millones de d\u00f3lares.<\/strong><\/p>\n<\/div><\/div><\/div><\/div><\/div>\n","protected":false},"excerpt":{"rendered":"","protected":false},"author":9,"featured_media":108623,"comment_status":"closed","ping_status":"closed","sticky":false,"template":"","format":"standard","meta":{"footnotes":""},"categories":[2],"tags":[],"class_list":["post-108622","post","type-post","status-publish","format-standard","has-post-thumbnail","hentry","category-nacionales"],"_links":{"self":[{"href":"https:\/\/sertv.gob.pa\/nacionalfm\/wp-json\/wp\/v2\/posts\/108622","targetHints":{"allow":["GET"]}}],"collection":[{"href":"https:\/\/sertv.gob.pa\/nacionalfm\/wp-json\/wp\/v2\/posts"}],"about":[{"href":"https:\/\/sertv.gob.pa\/nacionalfm\/wp-json\/wp\/v2\/types\/post"}],"author":[{"embeddable":true,"href":"https:\/\/sertv.gob.pa\/nacionalfm\/wp-json\/wp\/v2\/users\/9"}],"replies":[{"embeddable":true,"href":"https:\/\/sertv.gob.pa\/nacionalfm\/wp-json\/wp\/v2\/comments?post=108622"}],"version-history":[{"count":2,"href":"https:\/\/sertv.gob.pa\/nacionalfm\/wp-json\/wp\/v2\/posts\/108622\/revisions"}],"predecessor-version":[{"id":108625,"href":"https:\/\/sertv.gob.pa\/nacionalfm\/wp-json\/wp\/v2\/posts\/108622\/revisions\/108625"}],"wp:featuredmedia":[{"embeddable":true,"href":"https:\/\/sertv.gob.pa\/nacionalfm\/wp-json\/wp\/v2\/media\/108623"}],"wp:attachment":[{"href":"https:\/\/sertv.gob.pa\/nacionalfm\/wp-json\/wp\/v2\/media?parent=108622"}],"wp:term":[{"taxonomy":"category","embeddable":true,"href":"https:\/\/sertv.gob.pa\/nacionalfm\/wp-json\/wp\/v2\/categories?post=108622"},{"taxonomy":"post_tag","embeddable":true,"href":"https:\/\/sertv.gob.pa\/nacionalfm\/wp-json\/wp\/v2\/tags?post=108622"}],"curies":[{"name":"wp","href":"https:\/\/api.w.org\/{rel}","templated":true}]}}