{"id":108626,"date":"2025-06-03T09:03:25","date_gmt":"2025-06-03T14:03:25","guid":{"rendered":"https:\/\/sertv.gob.pa\/nacionalfm\/?p=108626"},"modified":"2025-06-03T09:09:13","modified_gmt":"2025-06-03T14:09:13","slug":"en-conjunto-sepresac-y-cable-wireless-dan-comienzo-a-la-jornada-de-induccion-para-concurso-nacional-de-oratoria-2025","status":"publish","type":"post","link":"https:\/\/sertv.gob.pa\/nacionalfm\/en-conjunto-sepresac-y-cable-wireless-dan-comienzo-a-la-jornada-de-induccion-para-concurso-nacional-de-oratoria-2025\/","title":{"rendered":"En conjunto, SEPRESAC y Cable &amp; Wireless, dan comienzo a la jornada de inducci\u00f3n para \u00abConcurso Nacional de Oratoria 2025\u00bb"},"content":{"rendered":"<div class=\"fusion-fullwidth fullwidth-box fusion-builder-row-1 fusion-flex-container nonhundred-percent-fullwidth non-hundred-percent-height-scrolling\" style=\"--awb-border-radius-top-left:0px;--awb-border-radius-top-right:0px;--awb-border-radius-bottom-right:0px;--awb-border-radius-bottom-left:0px;--awb-flex-wrap:wrap;\" ><div class=\"fusion-builder-row fusion-row fusion-flex-align-items-flex-start fusion-flex-content-wrap\" style=\"max-width:1144px;margin-left: calc(-4% \/ 2 );margin-right: calc(-4% \/ 2 );\"><div class=\"fusion-layout-column fusion_builder_column fusion-builder-column-0 fusion_builder_column_1_1 1_1 fusion-flex-column\" style=\"--awb-bg-size:cover;--awb-width-large:100%;--awb-margin-top-large:0px;--awb-spacing-right-large:1.92%;--awb-margin-bottom-large:0px;--awb-spacing-left-large:1.92%;--awb-width-medium:100%;--awb-spacing-right-medium:1.92%;--awb-spacing-left-medium:1.92%;--awb-width-small:100%;--awb-spacing-right-small:1.92%;--awb-spacing-left-small:1.92%;\"><div class=\"fusion-column-wrapper fusion-flex-justify-content-flex-start fusion-content-layout-column\"><div class=\"fusion-text fusion-text-1\" style=\"--awb-content-alignment:justify;\"><p><em><strong>La Secretar\u00eda Presidencial de Asuntos Constitucionales (SEPRESAC), en conjunto con Cable &amp; Wireless Panam\u00e1, dio principio, este lunes, a la fase de inducci\u00f3n del Concurso Nacional de Oratoria 2025, con una conferencia magistral la cual estuvo dirigida a estudiantes, y que tuvo como sede, el gimnasio del Colegio La Salle.<\/strong><\/em><\/p>\n<p><strong>Esta jornada de capacitaci\u00f3n, estuvo bajo la responsabilidad de Miguel Antonio Bernal, coordinador Ejecutivo de SEPRESAC, quien abord\u00f3 el tema central del certamen de este a\u00f1o: \u201cAlfabetizaci\u00f3n Constitucional\u201d, un eje tem\u00e1tico que busca fortalecer el conocimiento ciudadano sobre la Constituci\u00f3n Nacional y fomentar una cultura c\u00edvica activa.<\/strong><\/p>\n<p><strong>Durante su intervenci\u00f3n, Bernal explic\u00f3 a estudiantes y docentes de 33 colegios p\u00fablicos y privados la importancia de una eventual constituyente, as\u00ed como los derechos y deberes que todo ciudadano debe conocer y ejercer en un Estado de derecho. Igualmente, hizo un llamado a los j\u00f3venes a educarse y prepararse, destacando su rol clave como agentes de cambio en sus comunidades.<\/strong><\/p>\n<p><strong>\u201cSu participaci\u00f3n en este concurso, ya es un paso importante para construir el pa\u00eds que todos queremos\u201d, expuso Bernal.<\/strong><\/p>\n<p><strong>Este evento, adem\u00e1s permiti\u00f3 a los estudiantes, expresar sus inquietudes, formular preguntas y participar activamente en un espacio de di\u00e1logo constructivo.<\/strong><\/p>\n<p><strong>Al concluir la jornada, los estudiantes compartieron con Bernal en un espacio m\u00e1s cercano, donde pudieron aclarar dudas adicionales y profundizar en algunos aspectos del tema constitucional.<\/strong><\/p>\n<p><strong>Cabe recordar que, el Concurso Nacional de Oratoria 2025, continuar\u00e1 con una serie de actividades acad\u00e9micas y eliminatorias en todo el pa\u00eds, consolid\u00e1ndose como una plataforma de formaci\u00f3n y expresi\u00f3n para la juventud paname\u00f1a.<\/strong><\/p>\n<\/div><\/div><\/div><\/div><\/div>\n","protected":false},"excerpt":{"rendered":"","protected":false},"author":9,"featured_media":108627,"comment_status":"closed","ping_status":"closed","sticky":false,"template":"","format":"standard","meta":{"footnotes":""},"categories":[2],"tags":[],"class_list":["post-108626","post","type-post","status-publish","format-standard","has-post-thumbnail","hentry","category-nacionales"],"_links":{"self":[{"href":"https:\/\/sertv.gob.pa\/nacionalfm\/wp-json\/wp\/v2\/posts\/108626","targetHints":{"allow":["GET"]}}],"collection":[{"href":"https:\/\/sertv.gob.pa\/nacionalfm\/wp-json\/wp\/v2\/posts"}],"about":[{"href":"https:\/\/sertv.gob.pa\/nacionalfm\/wp-json\/wp\/v2\/types\/post"}],"author":[{"embeddable":true,"href":"https:\/\/sertv.gob.pa\/nacionalfm\/wp-json\/wp\/v2\/users\/9"}],"replies":[{"embeddable":true,"href":"https:\/\/sertv.gob.pa\/nacionalfm\/wp-json\/wp\/v2\/comments?post=108626"}],"version-history":[{"count":3,"href":"https:\/\/sertv.gob.pa\/nacionalfm\/wp-json\/wp\/v2\/posts\/108626\/revisions"}],"predecessor-version":[{"id":108630,"href":"https:\/\/sertv.gob.pa\/nacionalfm\/wp-json\/wp\/v2\/posts\/108626\/revisions\/108630"}],"wp:featuredmedia":[{"embeddable":true,"href":"https:\/\/sertv.gob.pa\/nacionalfm\/wp-json\/wp\/v2\/media\/108627"}],"wp:attachment":[{"href":"https:\/\/sertv.gob.pa\/nacionalfm\/wp-json\/wp\/v2\/media?parent=108626"}],"wp:term":[{"taxonomy":"category","embeddable":true,"href":"https:\/\/sertv.gob.pa\/nacionalfm\/wp-json\/wp\/v2\/categories?post=108626"},{"taxonomy":"post_tag","embeddable":true,"href":"https:\/\/sertv.gob.pa\/nacionalfm\/wp-json\/wp\/v2\/tags?post=108626"}],"curies":[{"name":"wp","href":"https:\/\/api.w.org\/{rel}","templated":true}]}}