{"id":108634,"date":"2025-06-03T10:37:58","date_gmt":"2025-06-03T15:37:58","guid":{"rendered":"https:\/\/sertv.gob.pa\/nacionalfm\/?p=108634"},"modified":"2025-06-03T10:37:58","modified_gmt":"2025-06-03T15:37:58","slug":"aduanas-de-panama-realiza-reunion-interinstitucional-para-coordinar-manejo-de-materiales-peligrosos","status":"publish","type":"post","link":"https:\/\/sertv.gob.pa\/nacionalfm\/aduanas-de-panama-realiza-reunion-interinstitucional-para-coordinar-manejo-de-materiales-peligrosos\/","title":{"rendered":"Aduanas de Panam\u00e1 realiza reuni\u00f3n interinstitucional, para coordinar manejo de materiales peligrosos"},"content":{"rendered":"<p><em><strong>La Autoridad Nacional de Aduanas de Panam\u00e1 (ANA), en labor conjunta con el Ministerio P\u00fablico y la Unidad de Control de Qu\u00edmicos, efectu\u00f3 una reuni\u00f3n interinstitucional con miras a establecer un protocolo eficiente en el manejo de materiales peligrosos que ingresen al pa\u00eds.<\/strong><\/em><\/p>\n<p><strong>Durante el desarrollo de esta reuni\u00f3n, el equipo de la Direcci\u00f3n de Gesti\u00f3n T\u00e9cnica, present\u00f3 los procedimientos de verificaci\u00f3n documental, los cuales permiten la trazabilidad de la carga, la emisi\u00f3n de alertas y la activaci\u00f3n de un protocolo de control con la participaci\u00f3n de los \u00f3rganos competentes.<\/strong><\/p>\n<p><strong>Para esta cita, asistieron, en representaci\u00f3n de Aduanas,la directora general, Soraya Valdivieso, la subdirectora t\u00e9cnica, Carmen Tapia y un equipo de la entidad. Esta iniciativa, nace tras la retenci\u00f3n de 140 tanques de acetato de etilo, un qu\u00edmico utilizado en la producci\u00f3n de drogas il\u00edcitas, encontrados en un dep\u00f3sito en la provincia de Col\u00f3n.<\/strong><\/p>\n","protected":false},"excerpt":{"rendered":"<p>La Autoridad Nacional de Aduanas de Panam\u00e1 (ANA), en labor <a href=\"https:\/\/sertv.gob.pa\/nacionalfm\/aduanas-de-panama-realiza-reunion-interinstitucional-para-coordinar-manejo-de-materiales-peligrosos\/\"> [&#8230;]<\/a><\/p>\n","protected":false},"author":9,"featured_media":108635,"comment_status":"closed","ping_status":"closed","sticky":false,"template":"","format":"standard","meta":{"footnotes":""},"categories":[2],"tags":[],"class_list":["post-108634","post","type-post","status-publish","format-standard","has-post-thumbnail","hentry","category-nacionales"],"_links":{"self":[{"href":"https:\/\/sertv.gob.pa\/nacionalfm\/wp-json\/wp\/v2\/posts\/108634","targetHints":{"allow":["GET"]}}],"collection":[{"href":"https:\/\/sertv.gob.pa\/nacionalfm\/wp-json\/wp\/v2\/posts"}],"about":[{"href":"https:\/\/sertv.gob.pa\/nacionalfm\/wp-json\/wp\/v2\/types\/post"}],"author":[{"embeddable":true,"href":"https:\/\/sertv.gob.pa\/nacionalfm\/wp-json\/wp\/v2\/users\/9"}],"replies":[{"embeddable":true,"href":"https:\/\/sertv.gob.pa\/nacionalfm\/wp-json\/wp\/v2\/comments?post=108634"}],"version-history":[{"count":1,"href":"https:\/\/sertv.gob.pa\/nacionalfm\/wp-json\/wp\/v2\/posts\/108634\/revisions"}],"predecessor-version":[{"id":108636,"href":"https:\/\/sertv.gob.pa\/nacionalfm\/wp-json\/wp\/v2\/posts\/108634\/revisions\/108636"}],"wp:featuredmedia":[{"embeddable":true,"href":"https:\/\/sertv.gob.pa\/nacionalfm\/wp-json\/wp\/v2\/media\/108635"}],"wp:attachment":[{"href":"https:\/\/sertv.gob.pa\/nacionalfm\/wp-json\/wp\/v2\/media?parent=108634"}],"wp:term":[{"taxonomy":"category","embeddable":true,"href":"https:\/\/sertv.gob.pa\/nacionalfm\/wp-json\/wp\/v2\/categories?post=108634"},{"taxonomy":"post_tag","embeddable":true,"href":"https:\/\/sertv.gob.pa\/nacionalfm\/wp-json\/wp\/v2\/tags?post=108634"}],"curies":[{"name":"wp","href":"https:\/\/api.w.org\/{rel}","templated":true}]}}