{"id":108637,"date":"2025-06-03T11:02:10","date_gmt":"2025-06-03T16:02:10","guid":{"rendered":"https:\/\/sertv.gob.pa\/nacionalfm\/?p=108637"},"modified":"2025-06-03T11:02:10","modified_gmt":"2025-06-03T16:02:10","slug":"minsa-en-veraguas-brinda-capacitacion-a-estudiantes-para-ser-parte-del-grupo-pares","status":"publish","type":"post","link":"https:\/\/sertv.gob.pa\/nacionalfm\/minsa-en-veraguas-brinda-capacitacion-a-estudiantes-para-ser-parte-del-grupo-pares\/","title":{"rendered":"MINSA en Veraguas, brinda capacitaci\u00f3n a estudiantes para ser parte del Grupo PARES"},"content":{"rendered":"<p><em><strong>Con el prop\u00f3sito de educar, concienciar y guiar a los j\u00f3venes en la prevenci\u00f3n del VIH, el Ministerio de Salud, en la provincia de Veraguas, ofreci\u00f3 una capacitaci\u00f3n a m\u00e1s de 30 estudiantes, del Instituto Jes\u00fas Nazareno en la ciudad de Atalaya, a fin de conformar el Grupo PARES.<\/strong><\/em><\/p>\n<p><strong>Hay que recordar, que los grupos PARES, son una estrategia de salud, que busca formar j\u00f3venes y puedan acreditarles como formadores en sus centros educativos y comunidad, contando con la gu\u00eda y ayuda de un equipo multidisciplinario del Ministerio de Salud.<\/strong><\/p>\n<p><strong>Gladys Villamil, enfermera del Centro de Salud de Atalaya, enfatiz\u00f3 que, esta labor, permite al equipo de salud estar presente en la vida de los j\u00f3venes, brind\u00e1ndoles herramientas para prevenir enfermedades como: el VIH y que ellos repliquen esta valiosa informaci\u00f3n con sus compa\u00f1eros y familiares.<\/strong><\/p>\n<p><strong>En la actualidad, en la provincia de Veraguas, se mantienen m\u00e1s de 200 j\u00f3venes formados que pertenecen a diferentes grupos PARES establecidos en diferentes centros educativos de la provincia.<\/strong><\/p>\n<p>&nbsp;<\/p>\n","protected":false},"excerpt":{"rendered":"<p>Con el prop\u00f3sito de educar, concienciar y guiar a los <a href=\"https:\/\/sertv.gob.pa\/nacionalfm\/minsa-en-veraguas-brinda-capacitacion-a-estudiantes-para-ser-parte-del-grupo-pares\/\"> [&#8230;]<\/a><\/p>\n","protected":false},"author":9,"featured_media":108638,"comment_status":"closed","ping_status":"closed","sticky":false,"template":"","format":"standard","meta":{"footnotes":""},"categories":[5],"tags":[],"class_list":["post-108637","post","type-post","status-publish","format-standard","has-post-thumbnail","hentry","category-salud"],"_links":{"self":[{"href":"https:\/\/sertv.gob.pa\/nacionalfm\/wp-json\/wp\/v2\/posts\/108637","targetHints":{"allow":["GET"]}}],"collection":[{"href":"https:\/\/sertv.gob.pa\/nacionalfm\/wp-json\/wp\/v2\/posts"}],"about":[{"href":"https:\/\/sertv.gob.pa\/nacionalfm\/wp-json\/wp\/v2\/types\/post"}],"author":[{"embeddable":true,"href":"https:\/\/sertv.gob.pa\/nacionalfm\/wp-json\/wp\/v2\/users\/9"}],"replies":[{"embeddable":true,"href":"https:\/\/sertv.gob.pa\/nacionalfm\/wp-json\/wp\/v2\/comments?post=108637"}],"version-history":[{"count":3,"href":"https:\/\/sertv.gob.pa\/nacionalfm\/wp-json\/wp\/v2\/posts\/108637\/revisions"}],"predecessor-version":[{"id":108641,"href":"https:\/\/sertv.gob.pa\/nacionalfm\/wp-json\/wp\/v2\/posts\/108637\/revisions\/108641"}],"wp:featuredmedia":[{"embeddable":true,"href":"https:\/\/sertv.gob.pa\/nacionalfm\/wp-json\/wp\/v2\/media\/108638"}],"wp:attachment":[{"href":"https:\/\/sertv.gob.pa\/nacionalfm\/wp-json\/wp\/v2\/media?parent=108637"}],"wp:term":[{"taxonomy":"category","embeddable":true,"href":"https:\/\/sertv.gob.pa\/nacionalfm\/wp-json\/wp\/v2\/categories?post=108637"},{"taxonomy":"post_tag","embeddable":true,"href":"https:\/\/sertv.gob.pa\/nacionalfm\/wp-json\/wp\/v2\/tags?post=108637"}],"curies":[{"name":"wp","href":"https:\/\/api.w.org\/{rel}","templated":true}]}}