{"id":10864,"date":"2016-02-24T15:46:44","date_gmt":"2016-02-24T15:46:44","guid":{"rendered":""},"modified":"2016-02-24T15:46:44","modified_gmt":"2016-02-24T15:46:44","slug":"autoridades-de-salud-impulsan-plan-operativo-contra-el-zika","status":"publish","type":"post","link":"https:\/\/sertv.gob.pa\/nacionalfm\/autoridades-de-salud-impulsan-plan-operativo-contra-el-zika\/","title":{"rendered":"Autoridades de Salud impulsan Plan Operativo contra el Zika"},"content":{"rendered":"<p>\nTras la alerta nacional contra el Zika, la cual fue decretada por las autoridades de salud y con la finalidad de organizar actividades de intervenci\u00f3n en las comunidades  para la puesta en marcha del Plan   Operativo contra esta enfermedad, se llev\u00f3 a efecto una reuni\u00f3n   interinstitucional en la provincia de Panam\u00e1 Oeste, con la participaci\u00f3n de representantes del MINSA, CSS, MIDES, juntas comunales y representantes de comunidades Gunas de Arraij\u00e1n.  <\/p>\n<p> En esta reuni\u00f3n, cuya sede fue la policl\u00ednica Dr. Blas Daniel G\u00f3mez Chetro, los especialistas coincidieron en que la medida fundamental para evitar el Zika es la eliminaci\u00f3n de los criaderos del mosquito Aedes aegypti, tambi\u00e9n transmisor de la enfermedad del dengue y chikungunya.  <\/p>\n<p> Al mismo tiempo, comunicaron a los participantes sobre los s\u00edntomas del Zika, que incluyen fiebre, erupci\u00f3n dispareja, dolor de articulaciones, dolor muscular, dolor de cabeza y conjuntivitis (ojos rojos) y que estos pueden durar hasta una semana.  <\/p>\n<p>Para esta gesti\u00f3n, se cont\u00f3 con la presencia en esta jornada de la Dra. Dilma Vega, jefa de Salud P\u00fablica del MINSA de Panam\u00e1 Oeste; Dr. Julio Arosemena, jefe de Asuntos Ind\u00edgenas del MINSA; Dra. Evidelia Barr\u00eda, coordinadora provincial de Epidemiolog\u00eda de la CSS-Panam\u00e1 Oeste y el Dr. Gabriel Ja\u00e9n, director m\u00e9dico de la policl\u00ednica. <\/p>\n<p> Cabe recordar que la recomendaci\u00f3n final que formularon los galenos, apuntaron a que fueran multiplicadores de la informaci\u00f3n suministrada en sus comunidades y, que de existir un caso sospechoso, acudir a su centro m\u00e9dico y no intentar hacer autodiagn\u00f3sticos.  <\/p>\n","protected":false},"excerpt":{"rendered":"<p>Tras la alerta nacional contra el Zika, la cual fue <a href=\"https:\/\/sertv.gob.pa\/nacionalfm\/autoridades-de-salud-impulsan-plan-operativo-contra-el-zika\/\"> [&#8230;]<\/a><\/p>\n","protected":false},"author":1,"featured_media":10865,"comment_status":"closed","ping_status":"closed","sticky":false,"template":"","format":"standard","meta":{"footnotes":""},"categories":[5],"tags":[],"class_list":["post-10864","post","type-post","status-publish","format-standard","has-post-thumbnail","hentry","category-salud"],"_links":{"self":[{"href":"https:\/\/sertv.gob.pa\/nacionalfm\/wp-json\/wp\/v2\/posts\/10864","targetHints":{"allow":["GET"]}}],"collection":[{"href":"https:\/\/sertv.gob.pa\/nacionalfm\/wp-json\/wp\/v2\/posts"}],"about":[{"href":"https:\/\/sertv.gob.pa\/nacionalfm\/wp-json\/wp\/v2\/types\/post"}],"author":[{"embeddable":true,"href":"https:\/\/sertv.gob.pa\/nacionalfm\/wp-json\/wp\/v2\/users\/1"}],"replies":[{"embeddable":true,"href":"https:\/\/sertv.gob.pa\/nacionalfm\/wp-json\/wp\/v2\/comments?post=10864"}],"version-history":[{"count":0,"href":"https:\/\/sertv.gob.pa\/nacionalfm\/wp-json\/wp\/v2\/posts\/10864\/revisions"}],"wp:featuredmedia":[{"embeddable":true,"href":"https:\/\/sertv.gob.pa\/nacionalfm\/wp-json\/wp\/v2\/media\/10865"}],"wp:attachment":[{"href":"https:\/\/sertv.gob.pa\/nacionalfm\/wp-json\/wp\/v2\/media?parent=10864"}],"wp:term":[{"taxonomy":"category","embeddable":true,"href":"https:\/\/sertv.gob.pa\/nacionalfm\/wp-json\/wp\/v2\/categories?post=10864"},{"taxonomy":"post_tag","embeddable":true,"href":"https:\/\/sertv.gob.pa\/nacionalfm\/wp-json\/wp\/v2\/tags?post=10864"}],"curies":[{"name":"wp","href":"https:\/\/api.w.org\/{rel}","templated":true}]}}