{"id":108642,"date":"2025-06-03T11:36:46","date_gmt":"2025-06-03T16:36:46","guid":{"rendered":"https:\/\/sertv.gob.pa\/nacionalfm\/?p=108642"},"modified":"2025-06-03T11:36:46","modified_gmt":"2025-06-03T16:36:46","slug":"el-minsa-de-panama-oeste-busca-garantizar-un-ambiente-educativo-seguro-y-saludable-para-sus-estudiantes","status":"publish","type":"post","link":"https:\/\/sertv.gob.pa\/nacionalfm\/el-minsa-de-panama-oeste-busca-garantizar-un-ambiente-educativo-seguro-y-saludable-para-sus-estudiantes\/","title":{"rendered":"El MINSA de Panam\u00e1 Oeste, busca garantizar un ambiente educativo seguro y saludable para sus estudiantes"},"content":{"rendered":"<p><em><strong>Con la finalidad de fortalecer la salud ambiental en los entornos escolares, el Dr. Jorge Tom\u00e1s Melo, director m\u00e9dico regional, estuvo al frente, para dar inicio al recorrido por las instalaciones de la Escuela Secundaria Pedro Pablo S\u00e1nchez en La Chorrera, junto al equipo t\u00e9cnico, conformado por la Oficina Integral de Riesgos y Desastres en Salud, Control de Vectores y Provisi\u00f3n de los Servicios de Salud.<\/strong><\/em><\/p>\n<p><strong>En esta visita, coordinada junto con la direcci\u00f3n del plantel educativo, permiti\u00f3 identificar riesgos ambientales como: acumulaci\u00f3n de criaderos del mosquito Aedes aegypti, presencia de palomas y nidos de avispas, adem\u00e1s de deficiencias estructurales por falta de mantenimiento, los cuales representan un peligro para la salud de la comunidad escolar.<\/strong><\/p>\n<p><strong>Es por ello, y como parte de las acciones inmediatas, el Dr. Melo, anunci\u00f3 que, este s\u00e1bado se llevar\u00e1 a cabo una jornada de nebulizaci\u00f3n en todo el plantel, a cargo del equipo de Control de Vectores, con el fin de prevenir enfermedades como: el dengue, zika y chikungunya.<\/strong><\/p>\n<p><strong>Adem\u00e1s, inform\u00f3 que, gracias a la articulaci\u00f3n institucional y la disponibilidad de personal e insumos, se reabrir\u00e1 pr\u00f3ximamente, la cl\u00ednica odontol\u00f3gica escolar, fortaleciendo as\u00ed los servicios de salud que se brindan a los estudiantes.<\/strong><\/p>\n<p><em><strong>Con estas acciones, el Ministerio de Salud, reafirma su compromiso de promover ambientes seguros y saludables en los centros educativos, garantizando el bienestar de estudiantes, docentes y personal administrativo.<\/strong><\/em><\/p>\n","protected":false},"excerpt":{"rendered":"<p>Con la finalidad de fortalecer la salud ambiental en los <a href=\"https:\/\/sertv.gob.pa\/nacionalfm\/el-minsa-de-panama-oeste-busca-garantizar-un-ambiente-educativo-seguro-y-saludable-para-sus-estudiantes\/\"> [&#8230;]<\/a><\/p>\n","protected":false},"author":9,"featured_media":108643,"comment_status":"closed","ping_status":"closed","sticky":false,"template":"","format":"standard","meta":{"footnotes":""},"categories":[2],"tags":[],"class_list":["post-108642","post","type-post","status-publish","format-standard","has-post-thumbnail","hentry","category-nacionales"],"_links":{"self":[{"href":"https:\/\/sertv.gob.pa\/nacionalfm\/wp-json\/wp\/v2\/posts\/108642","targetHints":{"allow":["GET"]}}],"collection":[{"href":"https:\/\/sertv.gob.pa\/nacionalfm\/wp-json\/wp\/v2\/posts"}],"about":[{"href":"https:\/\/sertv.gob.pa\/nacionalfm\/wp-json\/wp\/v2\/types\/post"}],"author":[{"embeddable":true,"href":"https:\/\/sertv.gob.pa\/nacionalfm\/wp-json\/wp\/v2\/users\/9"}],"replies":[{"embeddable":true,"href":"https:\/\/sertv.gob.pa\/nacionalfm\/wp-json\/wp\/v2\/comments?post=108642"}],"version-history":[{"count":2,"href":"https:\/\/sertv.gob.pa\/nacionalfm\/wp-json\/wp\/v2\/posts\/108642\/revisions"}],"predecessor-version":[{"id":108645,"href":"https:\/\/sertv.gob.pa\/nacionalfm\/wp-json\/wp\/v2\/posts\/108642\/revisions\/108645"}],"wp:featuredmedia":[{"embeddable":true,"href":"https:\/\/sertv.gob.pa\/nacionalfm\/wp-json\/wp\/v2\/media\/108643"}],"wp:attachment":[{"href":"https:\/\/sertv.gob.pa\/nacionalfm\/wp-json\/wp\/v2\/media?parent=108642"}],"wp:term":[{"taxonomy":"category","embeddable":true,"href":"https:\/\/sertv.gob.pa\/nacionalfm\/wp-json\/wp\/v2\/categories?post=108642"},{"taxonomy":"post_tag","embeddable":true,"href":"https:\/\/sertv.gob.pa\/nacionalfm\/wp-json\/wp\/v2\/tags?post=108642"}],"curies":[{"name":"wp","href":"https:\/\/api.w.org\/{rel}","templated":true}]}}