{"id":108646,"date":"2025-06-03T12:39:13","date_gmt":"2025-06-03T17:39:13","guid":{"rendered":"https:\/\/sertv.gob.pa\/nacionalfm\/?p=108646"},"modified":"2025-06-04T08:17:23","modified_gmt":"2025-06-04T13:17:23","slug":"sanidad-vegetal-del-mida-capacita-a-inspectores-de-cuarentena-en-panama-este-y-darien-sobre-movilizacion-de-productos-vegetales","status":"publish","type":"post","link":"https:\/\/sertv.gob.pa\/nacionalfm\/sanidad-vegetal-del-mida-capacita-a-inspectores-de-cuarentena-en-panama-este-y-darien-sobre-movilizacion-de-productos-vegetales\/","title":{"rendered":"Sanidad Vegetal del MIDA, capacita a Inspectores de Cuarentena, en Panam\u00e1 Este y Dari\u00e9n sobre movilizaci\u00f3n de productos vegetales"},"content":{"rendered":"<p><em><strong>Con el objetivo de fortalecer los conocimientos t\u00e9cnicos en la aplicaci\u00f3n de licencias de movilizaci\u00f3n interna de productos vegetales, la Direcci\u00f3n Ejecutiva de Cuarentena Agropecuaria del Ministerio de Desarrollo Agropecuario (MIDA), inici\u00f3 en fecha reciente, una jornada de capacitaci\u00f3n dirigida a inspectores en el \u00e1rea de Panam\u00e1 Este y Dari\u00e9n.<\/strong><\/em><\/p>\n<p><strong>Esta capacitaci\u00f3n, estuvo a cargo de los especialistas de la Direcci\u00f3n Nacional de Sanidad Vegetal: Ing Alex Domingo, jefe del Programa de Movilizaci\u00f3n Vegetal, Lic Edy Rodr\u00edguez, coordinador Regional de Sanidad Vegetal de Dari\u00e9n, Ing. Abdiel Sarmiento, jefe de la Secci\u00f3n de An\u00e1lisis de Riesgo de Plagas y el Ing Cristino Rodr\u00edguez, coordinador Regional de Sanidad Vegetal en Chepo, quienes compartieron experiencias y lineamientos t\u00e9cnicos actualizados.<\/strong><\/p>\n<p><strong>Durante el desarrollo de la actividad, se trataron temas fundamentales para el ejercicio efectivo de la labor inspectiva, en los puestos de control, tales como: procedimiento para la emisi\u00f3n de licencias de movilizaci\u00f3n, an\u00e1lisis de riesgo fitosanitario, restricciones en la movilizaci\u00f3n de cucurbit\u00e1ceas y manejo de plantas sanas de c\u00edtricos.<\/strong><\/p>\n<p><strong>Se debe resaltar que, las licencias de movilizaci\u00f3n interna, constituyen una herramienta esencial para garantizar el control y la prevenci\u00f3n de plagas y enfermedades, as\u00ed como para proteger el medio ambiente y la producci\u00f3n agr\u00edcola nacional.<\/strong><\/p>\n<p><strong>Esta regulaci\u00f3n, permite que solo los productos vegetales que cumplan con los requisitos fitosanitarios vigentes, se movilicen entre diferentes zonas del pa\u00eds.<\/strong><\/p>\n<p><em><strong>Cabe recordar, que esta jornada, forma parte de una serie de capacitaciones que se estar\u00e1n desarrollando a nivel nacional, como parte del compromiso de la direcci\u00f3n, de mantener actualizados a los equipos t\u00e9cnicos que salvaguardan la sanidad vegetal en todo el territorio paname\u00f1o.<\/strong><\/em><\/p>\n","protected":false},"excerpt":{"rendered":"<p>Con el objetivo de fortalecer los conocimientos t\u00e9cnicos en la <a href=\"https:\/\/sertv.gob.pa\/nacionalfm\/sanidad-vegetal-del-mida-capacita-a-inspectores-de-cuarentena-en-panama-este-y-darien-sobre-movilizacion-de-productos-vegetales\/\"> [&#8230;]<\/a><\/p>\n","protected":false},"author":9,"featured_media":108647,"comment_status":"closed","ping_status":"closed","sticky":false,"template":"","format":"standard","meta":{"footnotes":""},"categories":[5],"tags":[],"class_list":["post-108646","post","type-post","status-publish","format-standard","has-post-thumbnail","hentry","category-salud"],"_links":{"self":[{"href":"https:\/\/sertv.gob.pa\/nacionalfm\/wp-json\/wp\/v2\/posts\/108646","targetHints":{"allow":["GET"]}}],"collection":[{"href":"https:\/\/sertv.gob.pa\/nacionalfm\/wp-json\/wp\/v2\/posts"}],"about":[{"href":"https:\/\/sertv.gob.pa\/nacionalfm\/wp-json\/wp\/v2\/types\/post"}],"author":[{"embeddable":true,"href":"https:\/\/sertv.gob.pa\/nacionalfm\/wp-json\/wp\/v2\/users\/9"}],"replies":[{"embeddable":true,"href":"https:\/\/sertv.gob.pa\/nacionalfm\/wp-json\/wp\/v2\/comments?post=108646"}],"version-history":[{"count":2,"href":"https:\/\/sertv.gob.pa\/nacionalfm\/wp-json\/wp\/v2\/posts\/108646\/revisions"}],"predecessor-version":[{"id":108649,"href":"https:\/\/sertv.gob.pa\/nacionalfm\/wp-json\/wp\/v2\/posts\/108646\/revisions\/108649"}],"wp:featuredmedia":[{"embeddable":true,"href":"https:\/\/sertv.gob.pa\/nacionalfm\/wp-json\/wp\/v2\/media\/108647"}],"wp:attachment":[{"href":"https:\/\/sertv.gob.pa\/nacionalfm\/wp-json\/wp\/v2\/media?parent=108646"}],"wp:term":[{"taxonomy":"category","embeddable":true,"href":"https:\/\/sertv.gob.pa\/nacionalfm\/wp-json\/wp\/v2\/categories?post=108646"},{"taxonomy":"post_tag","embeddable":true,"href":"https:\/\/sertv.gob.pa\/nacionalfm\/wp-json\/wp\/v2\/tags?post=108646"}],"curies":[{"name":"wp","href":"https:\/\/api.w.org\/{rel}","templated":true}]}}