{"id":108656,"date":"2025-06-03T13:34:21","date_gmt":"2025-06-03T18:34:21","guid":{"rendered":"https:\/\/sertv.gob.pa\/nacionalfm\/?p=108656"},"modified":"2025-06-03T13:34:21","modified_gmt":"2025-06-03T18:34:21","slug":"grupo-de-jovenes-exbecarios-panamenos-inician-pasantia-en-el-ifarhu","status":"publish","type":"post","link":"https:\/\/sertv.gob.pa\/nacionalfm\/grupo-de-jovenes-exbecarios-panamenos-inician-pasantia-en-el-ifarhu\/","title":{"rendered":"Grupo de j\u00f3venes exbecarios paname\u00f1os, inician pasant\u00eda en el IFARHU"},"content":{"rendered":"<p><em><strong>Un grupo de 14 j\u00f3venes profesionales paname\u00f1os, quienes se graduaron recientemente de Brenau University, dieron comienzo a una pasant\u00eda en el IFARHU como parte de un programa de desarrollo profesional impulsado por la entidad.<\/strong><\/em><\/p>\n<p><strong>Los pasantes, egresados de distintas carreras, tendr\u00e1n la oportunidad de aplicar sus conocimientos en un entorno laboral real dentro de la instituci\u00f3n, por un espacio de dos meses.<\/strong><\/p>\n<p><strong>Las \u00e1reas de formaci\u00f3n de estos j\u00f3venes incluyen: Becas, Cr\u00e9dito Educativo, Finanzas, en el Centro de Atenci\u00f3n Integral a la Primera Infancia (CAIPI), Planificaci\u00f3n y Recursos Humanos.<\/strong><\/p>\n<p><strong>Esta iniciativa, forma parte de los esfuerzos del IFARHU, por fomentar la formaci\u00f3n integral de los becarios paname\u00f1os en el extranjero, brind\u00e1ndoles espacios para adquirir experiencia pr\u00e1ctica que complemente su preparaci\u00f3n acad\u00e9mica.<\/strong><\/p>\n<p><strong>\u201cEstamos muy orgullosos de estos j\u00f3venes que formaron parte de nuestros Centros Estudiantiles, por el esfuerzo que han realizado para formarse en el extranjero. Esta pasant\u00eda, representa una oportunidad valiosa para que devuelvan sus conocimientos al pa\u00eds y contin\u00faen creciendo como futuros l\u00edderes\u201d, manifest\u00f3, el director general del IFARHU, Carlos Godoy.<\/strong><\/p>\n<p><strong>El programa de pasant\u00edas, llegar\u00e1 a su t\u00e9rmino a finales de julio, tras lo cual, los estudiantes, estar\u00e1n listos para incorporarse al mercado laboral con una perspectiva m\u00e1s s\u00f3lida y pr\u00e1ctica de sus profesiones.<\/strong><\/p>\n","protected":false},"excerpt":{"rendered":"<p>Un grupo de 14 j\u00f3venes profesionales paname\u00f1os, quienes se graduaron <a href=\"https:\/\/sertv.gob.pa\/nacionalfm\/grupo-de-jovenes-exbecarios-panamenos-inician-pasantia-en-el-ifarhu\/\"> [&#8230;]<\/a><\/p>\n","protected":false},"author":9,"featured_media":108657,"comment_status":"closed","ping_status":"closed","sticky":false,"template":"","format":"standard","meta":{"footnotes":""},"categories":[2],"tags":[],"class_list":["post-108656","post","type-post","status-publish","format-standard","has-post-thumbnail","hentry","category-nacionales"],"_links":{"self":[{"href":"https:\/\/sertv.gob.pa\/nacionalfm\/wp-json\/wp\/v2\/posts\/108656","targetHints":{"allow":["GET"]}}],"collection":[{"href":"https:\/\/sertv.gob.pa\/nacionalfm\/wp-json\/wp\/v2\/posts"}],"about":[{"href":"https:\/\/sertv.gob.pa\/nacionalfm\/wp-json\/wp\/v2\/types\/post"}],"author":[{"embeddable":true,"href":"https:\/\/sertv.gob.pa\/nacionalfm\/wp-json\/wp\/v2\/users\/9"}],"replies":[{"embeddable":true,"href":"https:\/\/sertv.gob.pa\/nacionalfm\/wp-json\/wp\/v2\/comments?post=108656"}],"version-history":[{"count":2,"href":"https:\/\/sertv.gob.pa\/nacionalfm\/wp-json\/wp\/v2\/posts\/108656\/revisions"}],"predecessor-version":[{"id":108659,"href":"https:\/\/sertv.gob.pa\/nacionalfm\/wp-json\/wp\/v2\/posts\/108656\/revisions\/108659"}],"wp:featuredmedia":[{"embeddable":true,"href":"https:\/\/sertv.gob.pa\/nacionalfm\/wp-json\/wp\/v2\/media\/108657"}],"wp:attachment":[{"href":"https:\/\/sertv.gob.pa\/nacionalfm\/wp-json\/wp\/v2\/media?parent=108656"}],"wp:term":[{"taxonomy":"category","embeddable":true,"href":"https:\/\/sertv.gob.pa\/nacionalfm\/wp-json\/wp\/v2\/categories?post=108656"},{"taxonomy":"post_tag","embeddable":true,"href":"https:\/\/sertv.gob.pa\/nacionalfm\/wp-json\/wp\/v2\/tags?post=108656"}],"curies":[{"name":"wp","href":"https:\/\/api.w.org\/{rel}","templated":true}]}}