{"id":108663,"date":"2025-06-03T14:20:44","date_gmt":"2025-06-03T19:20:44","guid":{"rendered":"https:\/\/sertv.gob.pa\/nacionalfm\/?p=108663"},"modified":"2025-06-03T14:23:11","modified_gmt":"2025-06-03T19:23:11","slug":"gobierno-deplora-amenazas-de-huelguista-de-tomarse-las-instituciones-publicas","status":"publish","type":"post","link":"https:\/\/sertv.gob.pa\/nacionalfm\/gobierno-deplora-amenazas-de-huelguista-de-tomarse-las-instituciones-publicas\/","title":{"rendered":"Gobierno deplora amenazas de huelguista de tomarse las instituciones p\u00fablicas"},"content":{"rendered":"<ul>\n<li><strong>Intransigencia afecta al sector productivo que paga jubilaciones especiales<\/strong><\/li>\n<li><strong>Gobierno no abandonar\u00e1 a sectores productivos de la provincia<\/strong><\/li>\n<\/ul>\n<p><strong><em>Los ministros y autoridades de gobierno que integran la Comisi\u00f3n de Alto Nivel enviada a Bocas del Toro deploraron la posici\u00f3n intransigente de gremios que mantienen bloqueado el acceso a la producci\u00f3n, salud y afecta la generaci\u00f3n de empleo en la provincia, mismos que se negaron al di\u00e1logo para aclarar temas relacionados a la Ley 462 y, posteriormente, amenazaron con tomarse instituciones p\u00fablicas como medida de presi\u00f3n en claro desaf\u00edo a las autoridades.<\/em><\/strong><\/p>\n<p><strong>\u201cCon respecto a las amenazas del se\u00f1or Di\u00f3genes Espinoza, el Gobierno Nacional, rechaza profundamente este tipo de declaraciones que atentan contra la seguridad del Estado y los funcionarios. Esa no es la manera ni el mecanismo y eso es lo que detr\u00e1s de la dirigencia del SUNTRACS, su forma de llevar las cosas cuando no les conviene, y las autoridades tendr\u00e1n que tomar cartas al respecto\u201d, coment\u00f3 el ministro de la Presidencia de Panam\u00e1, Juan Carlos Orillac en conferencia de prensa.<\/strong><\/p>\n<p><strong>Junto a los miembros de esta comisi\u00f3n, el ministro explic\u00f3 que, seg\u00fan lo acordado con la dirigencia en Chiriqu\u00ed Grande, para este lunes, un equipo t\u00e9cnico de la Caja de Seguro Social acudi\u00f3 al encuentro, sin embargo, en el sitio, simplemente desv\u00edan la tensi\u00f3n de conocer la verdad y no permiten la reuni\u00f3n, algo preocupante, tomando en cuenta que no hay un asidero para que estas personas sigan cerrando las calles.<\/strong><\/p>\n<p><strong>\u201cNosotros vamos a seguir conversando con el sector productivo de este pa\u00eds, con los que quieren el bien para Panam\u00e1, y tiene de su lado al gobierno y estaremos con ellos; necesitamos que sigan trabajando y buscaremos el consenso en la decisi\u00f3n que tenga que tomar el gobierno con respecto a la apertura de las v\u00edas\u201d, recalc\u00f3.<\/strong><\/p>\n<p><strong>Entre tanto, la ministra de Trabajo y Desarrollo Laboral, Jackeline Mu\u00f1oz, enfatiz\u00f3 que, el cierre de v\u00edas, est\u00e1 afectando al sector productivo-laboral que, precisamente, contribuye a que los bananeros tengan \u2013hombres y mujeres- una jubilaci\u00f3n especial.<\/strong><\/p>\n<p><strong>\u201cNo quieren salir de las mentiras que le han infundado y el sector que hace posible que ese sustento llegue y goce de ese beneficio hoy se encuentre detenido\u2026. Con esta situaci\u00f3n de despedidos no queda ning\u00fan trabajador de toda la planilla de la empresa bananera y qu\u00e9 le podemos ofrecer a la empresa, si el se\u00f1or (Francisco) Smith, no quiere abrir las calles\u201d, afirm\u00f3.<\/strong><\/p>\n<p><strong>Mu\u00f1oz, tambi\u00e9n confirm\u00f3 la comunicaci\u00f3n de la empresa que dio de baja a 60 trabajadores administrativos y, adem\u00e1s, solicit\u00f3 el cese de otros mil 600 trabajadores manuales dando as\u00ed finalizado la producci\u00f3n en las fincas bananeras.<\/strong><\/p>\n<p><strong>\u201cComo Estado queremos preservar las plazas de empleo y en ese marco debemos lograr salvar estas siete mil plazas sin ponerle nombre de empresa. Tenemos un plan robusto de generar empleo, pero esto afecta, claro que conversaremos con la empresa para velar por estos puestos de empleo\u201d, concluy\u00f3.<\/strong><\/p>\n<p><strong>Por su parte, Julio Molt\u00f3, ministro de Comercio e industrias, detall\u00f3 parte de la reuni\u00f3n que sostuvieron en Bocas del Toro con representantes de las diferentes c\u00e1maras (Comercio, Turismo) as\u00ed como productores y peque\u00f1os comerciantes quienes claman que se reactive la econom\u00eda en la provincia y no s\u00f3lo para un sector.<\/strong><\/p>\n<p><strong>\u201cEl clamor de todos, es que se abran las calles, as\u00ed lo piden porque han llegado a un desespero, por ejemplo, restaurantes que est\u00e1n cerrando y los pocos que ten\u00edan un colch\u00f3n para trabajar, se les est\u00e1 acabando\u201d, destac\u00f3 Molt\u00f3.<\/strong><\/p>\n<p><strong>Igualmente, el ministro de Desarrollo Agropecuario, Roberto Linares, destac\u00f3 que, el gobierno no abandonar\u00e1 al sector productivo, que est\u00e1n a la espera que les permitan desarrollar las ferias del IMA y poder llevar comida barata, as\u00ed como las conversaciones con los productores de cacao para mejoras su actividad.<\/strong><\/p>\n<p><strong>\u201cLa mayor\u00eda de los productores de Bocas del Toro, son independientes y las plazas de empleo que ellos generan, representa m\u00e1s de diez mil empleos directos y ellos piden que se les apoye y lo haremos. Vamos a proceder a fumigar las plantaciones independientes para evitar las plagas\u201d, anunci\u00f3 el jefe de la cartera agropecuaria.<\/strong><\/p>\n<p><strong>Esta comisi\u00f3n, tambi\u00e9n la integran los ministros de Salud, Fernando Boyd Galindo; de Seguridad, Frank \u00c1brego, y la administradora de la Autoridad de Turismo, Gloria de Le\u00f3n.<\/strong><\/p>\n","protected":false},"excerpt":{"rendered":"<p>Intransigencia afecta al sector productivo que paga jubilaciones especiales Gobierno <a href=\"https:\/\/sertv.gob.pa\/nacionalfm\/gobierno-deplora-amenazas-de-huelguista-de-tomarse-las-instituciones-publicas\/\"> [&#8230;]<\/a><\/p>\n","protected":false},"author":9,"featured_media":108664,"comment_status":"closed","ping_status":"closed","sticky":false,"template":"","format":"standard","meta":{"footnotes":""},"categories":[2],"tags":[],"class_list":["post-108663","post","type-post","status-publish","format-standard","has-post-thumbnail","hentry","category-nacionales"],"_links":{"self":[{"href":"https:\/\/sertv.gob.pa\/nacionalfm\/wp-json\/wp\/v2\/posts\/108663","targetHints":{"allow":["GET"]}}],"collection":[{"href":"https:\/\/sertv.gob.pa\/nacionalfm\/wp-json\/wp\/v2\/posts"}],"about":[{"href":"https:\/\/sertv.gob.pa\/nacionalfm\/wp-json\/wp\/v2\/types\/post"}],"author":[{"embeddable":true,"href":"https:\/\/sertv.gob.pa\/nacionalfm\/wp-json\/wp\/v2\/users\/9"}],"replies":[{"embeddable":true,"href":"https:\/\/sertv.gob.pa\/nacionalfm\/wp-json\/wp\/v2\/comments?post=108663"}],"version-history":[{"count":2,"href":"https:\/\/sertv.gob.pa\/nacionalfm\/wp-json\/wp\/v2\/posts\/108663\/revisions"}],"predecessor-version":[{"id":108666,"href":"https:\/\/sertv.gob.pa\/nacionalfm\/wp-json\/wp\/v2\/posts\/108663\/revisions\/108666"}],"wp:featuredmedia":[{"embeddable":true,"href":"https:\/\/sertv.gob.pa\/nacionalfm\/wp-json\/wp\/v2\/media\/108664"}],"wp:attachment":[{"href":"https:\/\/sertv.gob.pa\/nacionalfm\/wp-json\/wp\/v2\/media?parent=108663"}],"wp:term":[{"taxonomy":"category","embeddable":true,"href":"https:\/\/sertv.gob.pa\/nacionalfm\/wp-json\/wp\/v2\/categories?post=108663"},{"taxonomy":"post_tag","embeddable":true,"href":"https:\/\/sertv.gob.pa\/nacionalfm\/wp-json\/wp\/v2\/tags?post=108663"}],"curies":[{"name":"wp","href":"https:\/\/api.w.org\/{rel}","templated":true}]}}