{"id":108667,"date":"2025-06-04T09:05:20","date_gmt":"2025-06-04T14:05:20","guid":{"rendered":"https:\/\/sertv.gob.pa\/nacionalfm\/?p=108667"},"modified":"2025-06-04T09:05:20","modified_gmt":"2025-06-04T14:05:20","slug":"consejo-de-gabinete-hace-ajustes-al-regimen-de-interes-preferencial-para-viviendas","status":"publish","type":"post","link":"https:\/\/sertv.gob.pa\/nacionalfm\/consejo-de-gabinete-hace-ajustes-al-regimen-de-interes-preferencial-para-viviendas\/","title":{"rendered":"Consejo de Gabinete, hace ajustes al r\u00e9gimen de inter\u00e9s preferencial para viviendas"},"content":{"rendered":"<div class=\"fusion-fullwidth fullwidth-box fusion-builder-row-1 fusion-flex-container nonhundred-percent-fullwidth non-hundred-percent-height-scrolling\" style=\"--awb-border-radius-top-left:0px;--awb-border-radius-top-right:0px;--awb-border-radius-bottom-right:0px;--awb-border-radius-bottom-left:0px;--awb-flex-wrap:wrap;\" ><div class=\"fusion-builder-row fusion-row fusion-flex-align-items-flex-start fusion-flex-content-wrap\" style=\"max-width:1144px;margin-left: calc(-4% \/ 2 );margin-right: calc(-4% \/ 2 );\"><div class=\"fusion-layout-column fusion_builder_column fusion-builder-column-0 fusion_builder_column_1_1 1_1 fusion-flex-column\" style=\"--awb-bg-size:cover;--awb-width-large:100%;--awb-margin-top-large:0px;--awb-spacing-right-large:1.92%;--awb-margin-bottom-large:0px;--awb-spacing-left-large:1.92%;--awb-width-medium:100%;--awb-spacing-right-medium:1.92%;--awb-spacing-left-medium:1.92%;--awb-width-small:100%;--awb-spacing-right-small:1.92%;--awb-spacing-left-small:1.92%;\"><div class=\"fusion-column-wrapper fusion-flex-justify-content-flex-start fusion-content-layout-column\"><div class=\"fusion-text fusion-text-1\" style=\"--awb-content-alignment:justify;\"><p><em><strong>El Consejo de Gabinete de Panam\u00e1, aprob\u00f3 presentar a consideraci\u00f3n de la Asamblea Nacional el proyecto de ley 19-25, \u00abQue suspende los efectos de la Ley 468 de 2025, restablece la vigencia de la Ley 3 de 1985 y dicta otras disposiciones\u00bb.<\/strong><\/em><\/p>\n<p><strong>Este proyecto, busca establecer modificaciones a la normativa actual sobre el R\u00e9gimen de Inter\u00e9s Preferencial para Viviendas, que hagan su implementaci\u00f3n m\u00e1s clara, ordenada y justa.<\/strong><\/p>\n<p><strong>Con este proyecto de ley 59-25 se suspende temporalmente la entrada en vigencia de la Ley 468 de 2025, estableciendo el 1 de enero de 2026 como nueva fecha para su aplicaci\u00f3n. Esto permitir\u00e1 consolidar una transici\u00f3n m\u00e1s equitativa, sin afectar los compromisos ya adquiridos ni la aspiraci\u00f3n leg\u00edtima de las familias a tener un hogar propio.<\/strong><\/p>\n<p><strong>Igualmente, se restablece la vigencia de la Ley 3 de 1985, junto con sus reformas y decretos reglamentarios, para que contin\u00fae aplic\u00e1ndose a los pr\u00e9stamos formalizados y a nuevas solicitudes hasta el 31 de diciembre de 2025. Este restablecimiento, tiene efectos retroactivos, en beneficio directo de las familias y en respaldo de los operadores financieros involucrados.<\/strong><\/p>\n<p><strong>De igual manera, se restituye la exoneraci\u00f3n del impuesto de transferencia a la primera venta de viviendas nuevas hasta el 31 de diciembre de 2025, contenida en el art\u00edculo 4 de la Ley 106 de 1974, modificado por la Ley 399 de 2023. Esta disposici\u00f3n, busca mantener incentivos que favorezcan el acceso a viviendas para los sectores con menor capacidad adquisitiva.<\/strong><\/p>\n<p><strong>En aplicaci\u00f3n del art\u00edculo 37 del C\u00f3digo Civil, se reactivan todas las disposiciones legales y reglamentarias que respaldaban el r\u00e9gimen anterior hasta el 31 de diciembre de 2025, garantizando continuidad normativa y certeza jur\u00eddica.<\/strong><\/p>\n<p><strong>Cabe mencionar, que el Gabinete, ha autorizado al ministro de Vivienda y Ordenamiento Territorial de Panam\u00e1 (MIVIOT), Jaime Jovan\u00e9, a presentar este proyecto de ley a consideraci\u00f3n de la Asamblea Nacional.<\/strong><\/p>\n<\/div><\/div><\/div><\/div><\/div>\n","protected":false},"excerpt":{"rendered":"","protected":false},"author":9,"featured_media":108668,"comment_status":"closed","ping_status":"closed","sticky":false,"template":"","format":"standard","meta":{"footnotes":""},"categories":[2],"tags":[],"class_list":["post-108667","post","type-post","status-publish","format-standard","has-post-thumbnail","hentry","category-nacionales"],"_links":{"self":[{"href":"https:\/\/sertv.gob.pa\/nacionalfm\/wp-json\/wp\/v2\/posts\/108667","targetHints":{"allow":["GET"]}}],"collection":[{"href":"https:\/\/sertv.gob.pa\/nacionalfm\/wp-json\/wp\/v2\/posts"}],"about":[{"href":"https:\/\/sertv.gob.pa\/nacionalfm\/wp-json\/wp\/v2\/types\/post"}],"author":[{"embeddable":true,"href":"https:\/\/sertv.gob.pa\/nacionalfm\/wp-json\/wp\/v2\/users\/9"}],"replies":[{"embeddable":true,"href":"https:\/\/sertv.gob.pa\/nacionalfm\/wp-json\/wp\/v2\/comments?post=108667"}],"version-history":[{"count":1,"href":"https:\/\/sertv.gob.pa\/nacionalfm\/wp-json\/wp\/v2\/posts\/108667\/revisions"}],"predecessor-version":[{"id":108669,"href":"https:\/\/sertv.gob.pa\/nacionalfm\/wp-json\/wp\/v2\/posts\/108667\/revisions\/108669"}],"wp:featuredmedia":[{"embeddable":true,"href":"https:\/\/sertv.gob.pa\/nacionalfm\/wp-json\/wp\/v2\/media\/108668"}],"wp:attachment":[{"href":"https:\/\/sertv.gob.pa\/nacionalfm\/wp-json\/wp\/v2\/media?parent=108667"}],"wp:term":[{"taxonomy":"category","embeddable":true,"href":"https:\/\/sertv.gob.pa\/nacionalfm\/wp-json\/wp\/v2\/categories?post=108667"},{"taxonomy":"post_tag","embeddable":true,"href":"https:\/\/sertv.gob.pa\/nacionalfm\/wp-json\/wp\/v2\/tags?post=108667"}],"curies":[{"name":"wp","href":"https:\/\/api.w.org\/{rel}","templated":true}]}}