{"id":108670,"date":"2025-06-04T09:50:43","date_gmt":"2025-06-04T14:50:43","guid":{"rendered":"https:\/\/sertv.gob.pa\/nacionalfm\/?p=108670"},"modified":"2025-06-04T09:50:43","modified_gmt":"2025-06-04T14:50:43","slug":"con-un-eco-de-preocupacion-tras-perdidas-millonarias-comerciantes-y-productores-de-bocas-del-toro-piden-abrir-las-vias","status":"publish","type":"post","link":"https:\/\/sertv.gob.pa\/nacionalfm\/con-un-eco-de-preocupacion-tras-perdidas-millonarias-comerciantes-y-productores-de-bocas-del-toro-piden-abrir-las-vias\/","title":{"rendered":"Con un eco de preocupaci\u00f3n, tras p\u00e9rdidas millonarias: comerciantes y  productores de Bocas del Toro, piden abrir las v\u00edas"},"content":{"rendered":"<p><em><strong>Tras los recientes acontecimientos suscitados en Bocas del Toro, una comisi\u00f3n de peque\u00f1os y medianos productores y empresarios de esta provincia, solicitaron este martes, cortes\u00eda de sala ante el Consejo de Gabinete, para exponer su preocupaci\u00f3n por la situaci\u00f3n que viven diariamente e igualmente, realizaron un llamado al dirigente, Francisco Smith, a deponer intereses y que atienda las negociaciones propuestas por el gobierno, ya que, los bloqueos, est\u00e1n llevando al comercio de la provincia a la quiebra, con p\u00e9rdidas millonarias.<\/strong><\/em><\/p>\n<p><strong>\u201cPor favor (Francisco Smith), atienda las negociaciones que les pueda poner el gobierno en la mesa para que as\u00ed lleguemos a un fin bueno en la provincia, que al final, s\u00ed es bueno para ustedes, es bueno para todos\u2026 Que se reabran las calles lo m\u00e1s pronto posible, porque todos en la provincia tenemos solo una v\u00eda de acceso\u2026 No somos grandes productores como Chiquita, por ello, necesitamos comercializar nuestros productos\u201d, sostuvo Adonay Quezada, mediano productor de pl\u00e1tano, quien comunic\u00f3 p\u00e9rdidas en el sector por m\u00e1s de 3 millones de balboas.<\/strong><\/p>\n<p><strong>Por su parte, Manuel Sanjur, representante del sector turismo, expres\u00f3 su preocupaci\u00f3n, ya que \u201clos cierres de calles, han generado que el distrito tur\u00edstico entre en un ciclo cr\u00edtico, para no decir de quiebra\u201d, con hoteles grandes y peque\u00f1os sin ocupaci\u00f3n, peligrando la estabilidad laboral de los trabajadores, as\u00ed como los efectos a los emprendedores, por ejemplo, los lancheros, cuyo modo de vida les permite llevar el sustento a sus hogares.<\/strong><\/p>\n<p><strong>\u201cSon la primera l\u00ednea de afectaci\u00f3n por decirlo de alguna manera, porque es un sector vulnerable ante la falta de turistas\u2026 Bocas del Toro, es una marca pa\u00eds, el segundo lugar m\u00e1s visitado despu\u00e9s del Canal y la repercusi\u00f3n -por estos cierres- no es solamente econ\u00f3mica sino visual, que impresi\u00f3n se est\u00e1 llevando un turista; de inestabilidad, de peligro y al final del d\u00eda eso se convierte en menos visitas, en menos trabajo y hay menos dinero\u201d, relat\u00f3.<\/strong><\/p>\n<p><strong>Destac\u00f3 que, ha recibido diferentes planes de ayuda para reactivar la econom\u00eda por parte del gobierno, y agradeci\u00f3 mostrar esa preocupaci\u00f3n y por estar cerca del sector comercio, sin embargo, \u201clo que nosotros necesitamos es que abran la calle\u201d.<\/strong><\/p>\n<p><strong>\u201cLa producci\u00f3n y el turismo, con mucho dolor, ser\u00e1 dif\u00edcil comenzar de nuevo\u2026 No podemos recuperar esa l\u00ednea de tiempo, c\u00f3mo recuperamos ese tour que dejamos de vender, estamos en una situaci\u00f3n cr\u00edtica y yo vine aqu\u00ed, con el firme prop\u00f3sito de pedirle al gabinete y al presidente, que se busque la manera lo antes posible de ver c\u00f3mo se reabre la v\u00eda, porque de eso depende llevar la comida de muchas personas en el archipi\u00e9lago\u201d, revel\u00f3.<\/strong><\/p>\n<p><strong>Tambi\u00e9n, Jos\u00e9 Antonio De La Lastra, en representaci\u00f3n de la Cooperativa de Servicios M\u00faltiples Bananera del Atl\u00e1ntico, apel\u00f3 a que se llegue a un entendimiento porque peligran a\u00fan m\u00e1s empleos, tomando en cuenta que esta cooperativa, emplea a m\u00e1s de 650 personas y a la fecha cargan con p\u00e9rdidas que superan el mill\u00f3n de balboas.<\/strong><\/p>\n<p><strong>\u201cNo estamos de acuerdo con los cierres, y hemos perdido aproximadamente 1 mill\u00f3n de balboas por no poder realizar las exportaciones ni venta de la fruta a nivel nacional\u2026 Tenemos que buscar una f\u00f3rmula que permita que todo se restablezca porque si no la cooperativa tambi\u00e9n se va a ver en la necesidad de cerrar operaciones\u201d, lament\u00f3.<\/strong><\/p>\n<p><strong>Del mismo modo, Laura Ram\u00edrez y Osiris Pe\u00f1a, dos damas que representan el sector productivo de pl\u00e1tano y cacao, respectivamente, tambi\u00e9n se hicieron eco de esta llamado a desbloquear las v\u00edas por los manifestantes y a escuchar el plan de reactivaci\u00f3n de la provincia propuesto por el Ejecutivo.<\/strong><\/p>\n<p><strong>Rubros de hortalizas y de peque\u00f1os puestos de ventas para subsistencia se han visto afectados, afirm\u00f3 Ram\u00edrez, familias que viven de las ventas diarias y que por los cierres que mantienen los sindicalistas, no han percibido ingresos.<\/strong><\/p>\n<p><strong>A su turno, Pe\u00f1a (presidente de la Asociaci\u00f3n de Cacao de Chocolate fino de Panam\u00e1) como parte de la representaci\u00f3n comercial que acudi\u00f3 a conversar con el presidente, Jos\u00e9 Ra\u00fal Mulino, refiri\u00f3 que, la situaci\u00f3n de bloqueos de v\u00edas, afecta directamente en el proceso de transformaci\u00f3n desde la semilla de cacao hasta el chocolate, porque el 85% de la producci\u00f3n de cacao en Panam\u00e1 se encuentra, principalmente, en esta provincia.<\/strong><\/p>\n<p><strong>\u201cLa situaci\u00f3n que se vive nos dificulta el acceso a la materia prima que es fundamental para el proceso de transformaci\u00f3n\u2026 El cacao, es una fuente de ingreso y actualmente hay m\u00e1s de 5 mil hect\u00e1reas de cacao de exportaci\u00f3n sembradas\u201d, finaliz\u00f3.<\/strong><\/p>\n<p>&nbsp;<\/p>\n","protected":false},"excerpt":{"rendered":"<p>Tras los recientes acontecimientos suscitados en Bocas del Toro, una <a href=\"https:\/\/sertv.gob.pa\/nacionalfm\/con-un-eco-de-preocupacion-tras-perdidas-millonarias-comerciantes-y-productores-de-bocas-del-toro-piden-abrir-las-vias\/\"> [&#8230;]<\/a><\/p>\n","protected":false},"author":9,"featured_media":108671,"comment_status":"closed","ping_status":"closed","sticky":false,"template":"","format":"standard","meta":{"footnotes":""},"categories":[2],"tags":[],"class_list":["post-108670","post","type-post","status-publish","format-standard","has-post-thumbnail","hentry","category-nacionales"],"_links":{"self":[{"href":"https:\/\/sertv.gob.pa\/nacionalfm\/wp-json\/wp\/v2\/posts\/108670","targetHints":{"allow":["GET"]}}],"collection":[{"href":"https:\/\/sertv.gob.pa\/nacionalfm\/wp-json\/wp\/v2\/posts"}],"about":[{"href":"https:\/\/sertv.gob.pa\/nacionalfm\/wp-json\/wp\/v2\/types\/post"}],"author":[{"embeddable":true,"href":"https:\/\/sertv.gob.pa\/nacionalfm\/wp-json\/wp\/v2\/users\/9"}],"replies":[{"embeddable":true,"href":"https:\/\/sertv.gob.pa\/nacionalfm\/wp-json\/wp\/v2\/comments?post=108670"}],"version-history":[{"count":1,"href":"https:\/\/sertv.gob.pa\/nacionalfm\/wp-json\/wp\/v2\/posts\/108670\/revisions"}],"predecessor-version":[{"id":108672,"href":"https:\/\/sertv.gob.pa\/nacionalfm\/wp-json\/wp\/v2\/posts\/108670\/revisions\/108672"}],"wp:featuredmedia":[{"embeddable":true,"href":"https:\/\/sertv.gob.pa\/nacionalfm\/wp-json\/wp\/v2\/media\/108671"}],"wp:attachment":[{"href":"https:\/\/sertv.gob.pa\/nacionalfm\/wp-json\/wp\/v2\/media?parent=108670"}],"wp:term":[{"taxonomy":"category","embeddable":true,"href":"https:\/\/sertv.gob.pa\/nacionalfm\/wp-json\/wp\/v2\/categories?post=108670"},{"taxonomy":"post_tag","embeddable":true,"href":"https:\/\/sertv.gob.pa\/nacionalfm\/wp-json\/wp\/v2\/tags?post=108670"}],"curies":[{"name":"wp","href":"https:\/\/api.w.org\/{rel}","templated":true}]}}