{"id":108673,"date":"2025-06-04T10:24:31","date_gmt":"2025-06-04T15:24:31","guid":{"rendered":"https:\/\/sertv.gob.pa\/nacionalfm\/?p=108673"},"modified":"2025-06-04T10:24:31","modified_gmt":"2025-06-04T15:24:31","slug":"estados-del-caribe-respaldaron-exclusion-de-panama-de-listas-fiscales-discriminatorias","status":"publish","type":"post","link":"https:\/\/sertv.gob.pa\/nacionalfm\/estados-del-caribe-respaldaron-exclusion-de-panama-de-listas-fiscales-discriminatorias\/","title":{"rendered":"Estados del Caribe respaldaron exclusi\u00f3n de Panam\u00e1, de listas fiscales discriminatorias"},"content":{"rendered":"<p><em><strong>La Declaraci\u00f3n de Monter\u00eda, firmada por los Jefes de Estado y de Gobierno que participaron en la Cumbre de Estados del Caribe, pidi\u00f3 recientemente, la exclusi\u00f3n de Panam\u00e1 de las listas discriminatorias en la que la Uni\u00f3n Europea mantiene al pa\u00eds.<\/strong><\/em><\/p>\n<p><strong>\u201cSolicitamos la exclusi\u00f3n de Panam\u00e1, de la lista de pa\u00edses no colaboradores en materia fiscal; as\u00ed como de la lista de pa\u00edses no colaboradores en la lucha contra el blanqueo de capitales y la financiaci\u00f3n del terrorismo y las armas de destrucci\u00f3n masiva, ambas de la Uni\u00f3n Europea\u201d, dice el texto de la declaraci\u00f3n.<\/strong><\/p>\n<p><strong>L\u00edderes de los 25 Estados miembros, 10 asociados, 29 observadores y actores sociales del Gran Caribe, acordaron la Declaraci\u00f3n de Monter\u00eda.<\/strong><\/p>\n<p><strong>Con ese nuevo respaldo, Panam\u00e1, agradece la solidaridad y apoyo de los pa\u00edses que integran la Asociaci\u00f3n de Estados del Caribe (AEC), en su lucha por salir de las listas fiscales discriminatorias.<\/strong><\/p>\n<p><strong>Cabe resaltar, que adicionalmente ese documento, renueva el compromiso con la integraci\u00f3n del Gran Caribe y la cooperaci\u00f3n regional, el cambio clim\u00e1tico y adaptaci\u00f3n costera, con \u00e9nfasis en soluciones basadas en la naturaleza.<\/strong><\/p>\n<p><strong>Este evento, se desarroll\u00f3 bajo el lema: \u201cUnidos por la vida: hacia un Gran Caribe m\u00e1s sostenible\u201d y cont\u00f3 con la participaci\u00f3n del presidente Jos\u00e9 Ra\u00fal Mulino y del ministro de Relaciones Exteriores, Javier Mart\u00ednez Acha V\u00e1squez. Panam\u00e1, obtuvo la presidencia pro t\u00e9mpore de la AEC para el periodo 2025-2026.<\/strong><\/p>\n<p>&nbsp;<\/p>\n","protected":false},"excerpt":{"rendered":"<p>La Declaraci\u00f3n de Monter\u00eda, firmada por los Jefes de Estado <a href=\"https:\/\/sertv.gob.pa\/nacionalfm\/estados-del-caribe-respaldaron-exclusion-de-panama-de-listas-fiscales-discriminatorias\/\"> [&#8230;]<\/a><\/p>\n","protected":false},"author":9,"featured_media":108674,"comment_status":"closed","ping_status":"closed","sticky":false,"template":"","format":"standard","meta":{"footnotes":""},"categories":[2],"tags":[],"class_list":["post-108673","post","type-post","status-publish","format-standard","has-post-thumbnail","hentry","category-nacionales"],"_links":{"self":[{"href":"https:\/\/sertv.gob.pa\/nacionalfm\/wp-json\/wp\/v2\/posts\/108673","targetHints":{"allow":["GET"]}}],"collection":[{"href":"https:\/\/sertv.gob.pa\/nacionalfm\/wp-json\/wp\/v2\/posts"}],"about":[{"href":"https:\/\/sertv.gob.pa\/nacionalfm\/wp-json\/wp\/v2\/types\/post"}],"author":[{"embeddable":true,"href":"https:\/\/sertv.gob.pa\/nacionalfm\/wp-json\/wp\/v2\/users\/9"}],"replies":[{"embeddable":true,"href":"https:\/\/sertv.gob.pa\/nacionalfm\/wp-json\/wp\/v2\/comments?post=108673"}],"version-history":[{"count":1,"href":"https:\/\/sertv.gob.pa\/nacionalfm\/wp-json\/wp\/v2\/posts\/108673\/revisions"}],"predecessor-version":[{"id":108675,"href":"https:\/\/sertv.gob.pa\/nacionalfm\/wp-json\/wp\/v2\/posts\/108673\/revisions\/108675"}],"wp:featuredmedia":[{"embeddable":true,"href":"https:\/\/sertv.gob.pa\/nacionalfm\/wp-json\/wp\/v2\/media\/108674"}],"wp:attachment":[{"href":"https:\/\/sertv.gob.pa\/nacionalfm\/wp-json\/wp\/v2\/media?parent=108673"}],"wp:term":[{"taxonomy":"category","embeddable":true,"href":"https:\/\/sertv.gob.pa\/nacionalfm\/wp-json\/wp\/v2\/categories?post=108673"},{"taxonomy":"post_tag","embeddable":true,"href":"https:\/\/sertv.gob.pa\/nacionalfm\/wp-json\/wp\/v2\/tags?post=108673"}],"curies":[{"name":"wp","href":"https:\/\/api.w.org\/{rel}","templated":true}]}}