{"id":108676,"date":"2025-06-04T10:52:48","date_gmt":"2025-06-04T15:52:48","guid":{"rendered":"https:\/\/sertv.gob.pa\/nacionalfm\/?p=108676"},"modified":"2025-06-04T10:52:48","modified_gmt":"2025-06-04T15:52:48","slug":"mas-de-186-mil-panamenos-seran-favorecidos-con-el-inicio-de-la-segunda-transferencia-monetaria-del-mides","status":"publish","type":"post","link":"https:\/\/sertv.gob.pa\/nacionalfm\/mas-de-186-mil-panamenos-seran-favorecidos-con-el-inicio-de-la-segunda-transferencia-monetaria-del-mides\/","title":{"rendered":"M\u00e1s de 186 mil paname\u00f1os ser\u00e1n favorecidos, con el inicio de la segunda transferencia monetaria del MIDES"},"content":{"rendered":"<p><em><strong>Desde este lunes 2, hasta el 13 de junio, un total de 160,201 paname\u00f1os en situaci\u00f3n de pobreza y pobreza extrema,\u00a0 se beneficiar\u00e1n del segundo desembolso de los Programas de Transferencias Monetarias Condicionadas (PTMC) en la modalidad de Tarjeta Clave Social (TCS).<\/strong><\/em><\/p>\n<p>Mientras que, los pagos en las \u00e1reas de dif\u00edcil acceso, se realizar\u00e1n del 23 al 27 de junio a 26,644 paname\u00f1os.<\/p>\n<p>Bajo las dos modalidades: Tarjeta Clave Social y \u00c1rea de Dif\u00edcil Acceso, el Ministerio de Desarrollo Social de Panam\u00e1 (MIDES), desembolsar\u00e1 B\/. 54,446,730, una inyecci\u00f3n econ\u00f3mica que dinamizar\u00e1 la econom\u00eda de miles de familias en estado de vulnerabilidad.<\/p>\n<p>En lo que se refiere, a las \u00e1reas de dif\u00edcil acceso, el Gobierno Nacional, se trasladar\u00e1 con pagadores a las comarcas Ng\u00e4be-Bugl\u00e9, Guna Yala y Ember\u00e1-Wounaan, as\u00ed como a las provincias de Veraguas, Col\u00f3n y Dari\u00e9n.<\/p>\n<p>Para este segundo pago, el MIDES incluy\u00f3 a 1,813 nuevos beneficiarios en los Programas de Transferencias Monetarias Condicionadas: 120 a los 65, Red de Oportunidades y \u00c1ngel Guardi\u00e1n.<\/p>\n<p>La mayor\u00eda de las incIusiones, se han registrado en la modalidad de Tarjeta Clave Social (1,635), mientras que, en la modalidad de dif\u00edcil acceso ,ingresaron 178 nuevos beneficiarios.<\/p>\n<p>Hay que mencionar, que el programa con la mayor cantidad de beneficiarios, es 120 a los 65, con 117,339 inscritos, seguido de Red de Oportunidades con 42,592, \u00c1ngel Guardi\u00e1n con 19,626, y el Bono Alimenticio de SENAPAN con 7,288.<\/p>\n<p><em><strong>Ferias institucionales en \u00e1reas de dif\u00edcil acceso<\/strong><\/em><\/p>\n<p>El MIDES, en este segundo pago, seguir\u00e1 efectuando las ferias interinstitucionales, en estrecha colaboraci\u00f3n con el Ministerio de Salud (MINSA), el Ministerio de Desarrollo Agropecuario (MIDA), el Instituto de Mercadeo Agropecuario (IMA) y el Instituto Paname\u00f1o Aut\u00f3nomo Cooperativo (IPACOOP).<\/p>\n<p>Estas ferias, se han implementado con \u00e9xito desde el 1 de julio de 2024, cuando la administraci\u00f3n del presidente de la Rep\u00fablica de Panam\u00e1, Jos\u00e9 Ra\u00fal Mulino, asumi\u00f3 la gesti\u00f3n del pa\u00eds.<\/p>\n<p>En estas jornadas, se han aplicado vacunas a ni\u00f1os, mujeres y adultos mayores, adem\u00e1s de entregar medicamentos y lentes a personas con problemas de visi\u00f3n.<\/p>\n<p>Esto, se trata de iniciativas en las que el Estado, acerca su oferta para asistir a quienes m\u00e1s lo necesitan.<\/p>\n<p><strong>Se recuerda a los beneficiarios, la importancia de utilizar los fondos p\u00fablicos de manera responsable. Estos recursos, deben emplearse exclusivamente para la adquisici\u00f3n de alimentos, medicamentos y otros art\u00edculos de primera necesidad.<\/strong><\/p>\n","protected":false},"excerpt":{"rendered":"<p>Desde este lunes 2, hasta el 13 de junio, un <a href=\"https:\/\/sertv.gob.pa\/nacionalfm\/mas-de-186-mil-panamenos-seran-favorecidos-con-el-inicio-de-la-segunda-transferencia-monetaria-del-mides\/\"> [&#8230;]<\/a><\/p>\n","protected":false},"author":9,"featured_media":108677,"comment_status":"closed","ping_status":"closed","sticky":false,"template":"","format":"standard","meta":{"footnotes":""},"categories":[2],"tags":[],"class_list":["post-108676","post","type-post","status-publish","format-standard","has-post-thumbnail","hentry","category-nacionales"],"_links":{"self":[{"href":"https:\/\/sertv.gob.pa\/nacionalfm\/wp-json\/wp\/v2\/posts\/108676","targetHints":{"allow":["GET"]}}],"collection":[{"href":"https:\/\/sertv.gob.pa\/nacionalfm\/wp-json\/wp\/v2\/posts"}],"about":[{"href":"https:\/\/sertv.gob.pa\/nacionalfm\/wp-json\/wp\/v2\/types\/post"}],"author":[{"embeddable":true,"href":"https:\/\/sertv.gob.pa\/nacionalfm\/wp-json\/wp\/v2\/users\/9"}],"replies":[{"embeddable":true,"href":"https:\/\/sertv.gob.pa\/nacionalfm\/wp-json\/wp\/v2\/comments?post=108676"}],"version-history":[{"count":2,"href":"https:\/\/sertv.gob.pa\/nacionalfm\/wp-json\/wp\/v2\/posts\/108676\/revisions"}],"predecessor-version":[{"id":108679,"href":"https:\/\/sertv.gob.pa\/nacionalfm\/wp-json\/wp\/v2\/posts\/108676\/revisions\/108679"}],"wp:featuredmedia":[{"embeddable":true,"href":"https:\/\/sertv.gob.pa\/nacionalfm\/wp-json\/wp\/v2\/media\/108677"}],"wp:attachment":[{"href":"https:\/\/sertv.gob.pa\/nacionalfm\/wp-json\/wp\/v2\/media?parent=108676"}],"wp:term":[{"taxonomy":"category","embeddable":true,"href":"https:\/\/sertv.gob.pa\/nacionalfm\/wp-json\/wp\/v2\/categories?post=108676"},{"taxonomy":"post_tag","embeddable":true,"href":"https:\/\/sertv.gob.pa\/nacionalfm\/wp-json\/wp\/v2\/tags?post=108676"}],"curies":[{"name":"wp","href":"https:\/\/api.w.org\/{rel}","templated":true}]}}