{"id":108680,"date":"2025-06-04T11:08:43","date_gmt":"2025-06-04T16:08:43","guid":{"rendered":"https:\/\/sertv.gob.pa\/nacionalfm\/?p=108680"},"modified":"2025-06-04T11:08:43","modified_gmt":"2025-06-04T16:08:43","slug":"eligen-a-candidata-de-panama-en-puesto-clave-de-la-onu","status":"publish","type":"post","link":"https:\/\/sertv.gob.pa\/nacionalfm\/eligen-a-candidata-de-panama-en-puesto-clave-de-la-onu\/","title":{"rendered":"Eligen a candidata de Panam\u00e1 en puesto clave de la ONU"},"content":{"rendered":"<p><em><strong>La paname\u00f1a Carla Pousa Caride, doctora en Estudios Internacionales, result\u00f3 electa este lunes, como miembro del Comit\u00e9 para la Eliminaci\u00f3n de Todas las Formas de Discriminaci\u00f3n Racial de las Naciones Unidas. Con 125 votos de los pa\u00edses miembros de la ONU, fue escogida como experta independiente para el per\u00edodo 2026-2030.<\/strong><\/em><\/p>\n<p><strong>Hay que enfatizar, que este Comit\u00e9, se enfoca en monitorear la aplicaci\u00f3n de la Convenci\u00f3n Internacional sobre la Eliminaci\u00f3n de todas las Formas de Discriminaci\u00f3n Racial, uno de los primeros tratados de la ONU, en materia de derechos humanos, adoptado en 1965.<\/strong><\/p>\n<p><strong>Pousa Caride, ser\u00e1 parte de los 18 expertos del Comit\u00e9, cuyo trabajo es evaluar los informes peri\u00f3dicos presentados por los Estados parte de la Convenci\u00f3n, y emitir recomendaciones para el cumplimiento y respeto de los derechos humanos enmarcados en la Convenci\u00f3n.<\/strong><\/p>\n<p><strong>Cabe resaltar que, con esa elecci\u00f3n, Pousa Caride, resulta ser, la tercera paname\u00f1a, que en la actualidad, ocupa un puesto de experta independiente en un Comit\u00e9 de Derechos Humanos de la ONU.<\/strong><\/p>\n<p><strong>Pousa Caride, es acad\u00e9mica y experta en seguridad internacional, derechos humanos y discriminaci\u00f3n racial.<\/strong><\/p>\n<p><strong>Al presente, es asesora del Ministerio de Relaciones Exteriores de Panam\u00e1 (MIRE) y se desempe\u00f1a como catedr\u00e1tica de la Florida State University, Panam\u00e1.<\/strong><\/p>\n","protected":false},"excerpt":{"rendered":"<p>La paname\u00f1a Carla Pousa Caride, doctora en Estudios Internacionales, result\u00f3 <a href=\"https:\/\/sertv.gob.pa\/nacionalfm\/eligen-a-candidata-de-panama-en-puesto-clave-de-la-onu\/\"> [&#8230;]<\/a><\/p>\n","protected":false},"author":9,"featured_media":108681,"comment_status":"closed","ping_status":"closed","sticky":false,"template":"","format":"standard","meta":{"footnotes":""},"categories":[2],"tags":[],"class_list":["post-108680","post","type-post","status-publish","format-standard","has-post-thumbnail","hentry","category-nacionales"],"_links":{"self":[{"href":"https:\/\/sertv.gob.pa\/nacionalfm\/wp-json\/wp\/v2\/posts\/108680","targetHints":{"allow":["GET"]}}],"collection":[{"href":"https:\/\/sertv.gob.pa\/nacionalfm\/wp-json\/wp\/v2\/posts"}],"about":[{"href":"https:\/\/sertv.gob.pa\/nacionalfm\/wp-json\/wp\/v2\/types\/post"}],"author":[{"embeddable":true,"href":"https:\/\/sertv.gob.pa\/nacionalfm\/wp-json\/wp\/v2\/users\/9"}],"replies":[{"embeddable":true,"href":"https:\/\/sertv.gob.pa\/nacionalfm\/wp-json\/wp\/v2\/comments?post=108680"}],"version-history":[{"count":1,"href":"https:\/\/sertv.gob.pa\/nacionalfm\/wp-json\/wp\/v2\/posts\/108680\/revisions"}],"predecessor-version":[{"id":108682,"href":"https:\/\/sertv.gob.pa\/nacionalfm\/wp-json\/wp\/v2\/posts\/108680\/revisions\/108682"}],"wp:featuredmedia":[{"embeddable":true,"href":"https:\/\/sertv.gob.pa\/nacionalfm\/wp-json\/wp\/v2\/media\/108681"}],"wp:attachment":[{"href":"https:\/\/sertv.gob.pa\/nacionalfm\/wp-json\/wp\/v2\/media?parent=108680"}],"wp:term":[{"taxonomy":"category","embeddable":true,"href":"https:\/\/sertv.gob.pa\/nacionalfm\/wp-json\/wp\/v2\/categories?post=108680"},{"taxonomy":"post_tag","embeddable":true,"href":"https:\/\/sertv.gob.pa\/nacionalfm\/wp-json\/wp\/v2\/tags?post=108680"}],"curies":[{"name":"wp","href":"https:\/\/api.w.org\/{rel}","templated":true}]}}