{"id":108683,"date":"2025-06-04T11:32:16","date_gmt":"2025-06-04T16:32:16","guid":{"rendered":"https:\/\/sertv.gob.pa\/nacionalfm\/?p=108683"},"modified":"2025-06-04T11:32:16","modified_gmt":"2025-06-04T16:32:16","slug":"boca-de-la-mina-de-penonome-recibe-atencion-medica-del-minsa","status":"publish","type":"post","link":"https:\/\/sertv.gob.pa\/nacionalfm\/boca-de-la-mina-de-penonome-recibe-atencion-medica-del-minsa\/","title":{"rendered":"Boca de La Mina, de Penonom\u00e9, recibe atenci\u00f3n m\u00e9dica del MINSA"},"content":{"rendered":"<p><em><strong>El Ministerio de Salud, en la provincia de Cocl\u00e9, llev\u00f3 a cabo, una jornada integral de atenci\u00f3n en la apartada comunidad de Boca de La Mina en el distrito de Penonom\u00e9.<\/strong><\/em><\/p>\n<p><strong>Con esta gira m\u00e9dica, resultaron beneficiados aproximadamente, 100 personas, quienes se les dio servicios gratuitos de: medicina general, 44 atenciones en odontolog\u00eda, 21 electrocardiogramas, vacunaci\u00f3n, peso, talla, evaluaci\u00f3n nutricional, toma de glicemia capilar, entrega de medicamentos entre otros.<\/strong><\/p>\n","protected":false},"excerpt":{"rendered":"<p>El Ministerio de Salud, en la provincia de Cocl\u00e9, llev\u00f3 <a href=\"https:\/\/sertv.gob.pa\/nacionalfm\/boca-de-la-mina-de-penonome-recibe-atencion-medica-del-minsa\/\"> [&#8230;]<\/a><\/p>\n","protected":false},"author":9,"featured_media":108684,"comment_status":"closed","ping_status":"closed","sticky":false,"template":"","format":"standard","meta":{"footnotes":""},"categories":[5],"tags":[],"class_list":["post-108683","post","type-post","status-publish","format-standard","has-post-thumbnail","hentry","category-salud"],"_links":{"self":[{"href":"https:\/\/sertv.gob.pa\/nacionalfm\/wp-json\/wp\/v2\/posts\/108683","targetHints":{"allow":["GET"]}}],"collection":[{"href":"https:\/\/sertv.gob.pa\/nacionalfm\/wp-json\/wp\/v2\/posts"}],"about":[{"href":"https:\/\/sertv.gob.pa\/nacionalfm\/wp-json\/wp\/v2\/types\/post"}],"author":[{"embeddable":true,"href":"https:\/\/sertv.gob.pa\/nacionalfm\/wp-json\/wp\/v2\/users\/9"}],"replies":[{"embeddable":true,"href":"https:\/\/sertv.gob.pa\/nacionalfm\/wp-json\/wp\/v2\/comments?post=108683"}],"version-history":[{"count":1,"href":"https:\/\/sertv.gob.pa\/nacionalfm\/wp-json\/wp\/v2\/posts\/108683\/revisions"}],"predecessor-version":[{"id":108685,"href":"https:\/\/sertv.gob.pa\/nacionalfm\/wp-json\/wp\/v2\/posts\/108683\/revisions\/108685"}],"wp:featuredmedia":[{"embeddable":true,"href":"https:\/\/sertv.gob.pa\/nacionalfm\/wp-json\/wp\/v2\/media\/108684"}],"wp:attachment":[{"href":"https:\/\/sertv.gob.pa\/nacionalfm\/wp-json\/wp\/v2\/media?parent=108683"}],"wp:term":[{"taxonomy":"category","embeddable":true,"href":"https:\/\/sertv.gob.pa\/nacionalfm\/wp-json\/wp\/v2\/categories?post=108683"},{"taxonomy":"post_tag","embeddable":true,"href":"https:\/\/sertv.gob.pa\/nacionalfm\/wp-json\/wp\/v2\/tags?post=108683"}],"curies":[{"name":"wp","href":"https:\/\/api.w.org\/{rel}","templated":true}]}}