{"id":108689,"date":"2025-06-04T12:45:49","date_gmt":"2025-06-04T17:45:49","guid":{"rendered":"https:\/\/sertv.gob.pa\/nacionalfm\/?p=108689"},"modified":"2025-06-04T12:45:49","modified_gmt":"2025-06-04T17:45:49","slug":"minsa-anuncia-abastecimiento-de-medicamentos-e-insumos-para-la-atencion-medica-en-herrera","status":"publish","type":"post","link":"https:\/\/sertv.gob.pa\/nacionalfm\/minsa-anuncia-abastecimiento-de-medicamentos-e-insumos-para-la-atencion-medica-en-herrera\/","title":{"rendered":"MINSA anuncia abastecimiento de medicamentos e insumos para la atenci\u00f3n m\u00e9dica en Herrera"},"content":{"rendered":"<p><em><strong>La Regi\u00f3n de Salud de Herrera, informa a la poblaci\u00f3n, que recientemente se ha reforzado el abastecimiento de medicamentos e insumos m\u00e9dicos en las instalaciones del Ministerio de Salud, con el prop\u00f3sito de garantizar una atenci\u00f3n oportuna y de calidad a los pacientes que acuden a los diferentes servicios.<\/strong><\/em><\/p>\n<p><strong>Entre los renglones recibidos se encuentran medicamentos de uso com\u00fan y especializado, pertenecientes a diversos grupos terap\u00e9uticos como: antihipertensivos, hipoglicemiantes, analg\u00e9sicos, cardiovasculares, corticoides, entre otros, los cuales ya est\u00e1n disponibles para la atenci\u00f3n m\u00e9dica seg\u00fan las necesidades cl\u00ednicas de los pacientes.<\/strong><\/p>\n<p><strong>Adem\u00e1s, del abastecimiento de medicamentos, tambi\u00e9n se han recibido insumos destinados a las \u00e1reas quir\u00fargica, de laboratorio y salud bucal, fortaleciendo as\u00ed la capacidad resolutiva de las unidades ejecutoras del Ministerio de Salud en la provincia.<\/strong><\/p>\n<p><strong>La instituci\u00f3n reitera su compromiso con el bienestar de la poblaci\u00f3n y recuerda que, contin\u00faa trabajando de forma permanente para garantizar el acceso a servicios de salud integrales, seguros y de calidad.<\/strong><\/p>\n","protected":false},"excerpt":{"rendered":"<p>La Regi\u00f3n de Salud de Herrera, informa a la poblaci\u00f3n, <a href=\"https:\/\/sertv.gob.pa\/nacionalfm\/minsa-anuncia-abastecimiento-de-medicamentos-e-insumos-para-la-atencion-medica-en-herrera\/\"> [&#8230;]<\/a><\/p>\n","protected":false},"author":9,"featured_media":108690,"comment_status":"closed","ping_status":"closed","sticky":false,"template":"","format":"standard","meta":{"footnotes":""},"categories":[5],"tags":[],"class_list":["post-108689","post","type-post","status-publish","format-standard","has-post-thumbnail","hentry","category-salud"],"_links":{"self":[{"href":"https:\/\/sertv.gob.pa\/nacionalfm\/wp-json\/wp\/v2\/posts\/108689","targetHints":{"allow":["GET"]}}],"collection":[{"href":"https:\/\/sertv.gob.pa\/nacionalfm\/wp-json\/wp\/v2\/posts"}],"about":[{"href":"https:\/\/sertv.gob.pa\/nacionalfm\/wp-json\/wp\/v2\/types\/post"}],"author":[{"embeddable":true,"href":"https:\/\/sertv.gob.pa\/nacionalfm\/wp-json\/wp\/v2\/users\/9"}],"replies":[{"embeddable":true,"href":"https:\/\/sertv.gob.pa\/nacionalfm\/wp-json\/wp\/v2\/comments?post=108689"}],"version-history":[{"count":1,"href":"https:\/\/sertv.gob.pa\/nacionalfm\/wp-json\/wp\/v2\/posts\/108689\/revisions"}],"predecessor-version":[{"id":108691,"href":"https:\/\/sertv.gob.pa\/nacionalfm\/wp-json\/wp\/v2\/posts\/108689\/revisions\/108691"}],"wp:featuredmedia":[{"embeddable":true,"href":"https:\/\/sertv.gob.pa\/nacionalfm\/wp-json\/wp\/v2\/media\/108690"}],"wp:attachment":[{"href":"https:\/\/sertv.gob.pa\/nacionalfm\/wp-json\/wp\/v2\/media?parent=108689"}],"wp:term":[{"taxonomy":"category","embeddable":true,"href":"https:\/\/sertv.gob.pa\/nacionalfm\/wp-json\/wp\/v2\/categories?post=108689"},{"taxonomy":"post_tag","embeddable":true,"href":"https:\/\/sertv.gob.pa\/nacionalfm\/wp-json\/wp\/v2\/tags?post=108689"}],"curies":[{"name":"wp","href":"https:\/\/api.w.org\/{rel}","templated":true}]}}