{"id":108698,"date":"2025-06-04T13:24:18","date_gmt":"2025-06-04T18:24:18","guid":{"rendered":"https:\/\/sertv.gob.pa\/nacionalfm\/?p=108698"},"modified":"2025-06-04T13:24:18","modified_gmt":"2025-06-04T18:24:18","slug":"comunicado-39","status":"publish","type":"post","link":"https:\/\/sertv.gob.pa\/nacionalfm\/comunicado-39\/","title":{"rendered":"Comunicado"},"content":{"rendered":"<p><strong>El Ministerio de Relaciones Exteriores informa que el viernes 30 de mayo de 2025, concluy\u00f3 el proceso de repatriaci\u00f3n de la menor paname\u00f1a\u00a0Yibelis Yulieth Cuevas Pe\u00f1a,\u00a0desde la Rep\u00fablica de Nicaragua.<\/strong><\/p>\n<p><strong>El Ministerio de la Familia (MIFAM), de la Rep\u00fablica de Nicaragua, realiz\u00f3 formal entrega de la menor paname\u00f1a a Su Excelencia Eddy Davis Rodr\u00edguez, Embajador de Panam\u00e1 en Nicaragua, en el Sal\u00f3n Diplom\u00e1tico del Aeropuerto Internacional Augusto C. Sandino, quien a su vez fue recibida por la Magister Rosa Mar\u00eda Bakes, funcionaria del Departamento Consular, de la Direcci\u00f3n General de Pol\u00edtica Exterior, designada por el Ministerio de Relaciones Exteriores, para brindar el acompa\u00f1amiento del traslado hacia Panam\u00e1.<\/strong><\/p>\n<p><strong>A su arribo al pa\u00eds fue recibida por sus familiares, en compa\u00f1\u00eda de la Secretar\u00eda Nacional de Ni\u00f1ez, Adolescencia y Familia (SENNIAF), y la Fiscal\u00eda Superior de Asuntos Internacionales de la Procuradur\u00eda General de la Naci\u00f3n.<\/strong><\/p>\n","protected":false},"excerpt":{"rendered":"<p>El Ministerio de Relaciones Exteriores informa que el viernes 30 <a href=\"https:\/\/sertv.gob.pa\/nacionalfm\/comunicado-39\/\"> [&#8230;]<\/a><\/p>\n","protected":false},"author":9,"featured_media":108699,"comment_status":"closed","ping_status":"closed","sticky":false,"template":"","format":"standard","meta":{"footnotes":""},"categories":[2],"tags":[],"class_list":["post-108698","post","type-post","status-publish","format-standard","has-post-thumbnail","hentry","category-nacionales"],"_links":{"self":[{"href":"https:\/\/sertv.gob.pa\/nacionalfm\/wp-json\/wp\/v2\/posts\/108698","targetHints":{"allow":["GET"]}}],"collection":[{"href":"https:\/\/sertv.gob.pa\/nacionalfm\/wp-json\/wp\/v2\/posts"}],"about":[{"href":"https:\/\/sertv.gob.pa\/nacionalfm\/wp-json\/wp\/v2\/types\/post"}],"author":[{"embeddable":true,"href":"https:\/\/sertv.gob.pa\/nacionalfm\/wp-json\/wp\/v2\/users\/9"}],"replies":[{"embeddable":true,"href":"https:\/\/sertv.gob.pa\/nacionalfm\/wp-json\/wp\/v2\/comments?post=108698"}],"version-history":[{"count":1,"href":"https:\/\/sertv.gob.pa\/nacionalfm\/wp-json\/wp\/v2\/posts\/108698\/revisions"}],"predecessor-version":[{"id":108700,"href":"https:\/\/sertv.gob.pa\/nacionalfm\/wp-json\/wp\/v2\/posts\/108698\/revisions\/108700"}],"wp:featuredmedia":[{"embeddable":true,"href":"https:\/\/sertv.gob.pa\/nacionalfm\/wp-json\/wp\/v2\/media\/108699"}],"wp:attachment":[{"href":"https:\/\/sertv.gob.pa\/nacionalfm\/wp-json\/wp\/v2\/media?parent=108698"}],"wp:term":[{"taxonomy":"category","embeddable":true,"href":"https:\/\/sertv.gob.pa\/nacionalfm\/wp-json\/wp\/v2\/categories?post=108698"},{"taxonomy":"post_tag","embeddable":true,"href":"https:\/\/sertv.gob.pa\/nacionalfm\/wp-json\/wp\/v2\/tags?post=108698"}],"curies":[{"name":"wp","href":"https:\/\/api.w.org\/{rel}","templated":true}]}}